{"id":6436,"date":"2025-01-24T10:34:08","date_gmt":"2025-01-24T09:34:08","guid":{"rendered":"http:\/\/www.fundaciolluiscoromina.org\/?p=6436"},"modified":"2026-09-02T16:50:31","modified_gmt":"2026-09-02T14:50:31","slug":"inaugurada-lexposicio-espais-dibuixats-de-josep-mias-a-la-galeria-miguel-marcos","status":"publish","type":"post","link":"http:\/\/fundaciolluiscoromina.org\/index.php\/2025\/01\/24\/inaugurada-lexposicio-espais-dibuixats-de-josep-mias-a-la-galeria-miguel-marcos\/","title":{"rendered":"Inaugurada l&#8217;exposici\u00f3 &#8216;Espais dibuixats&#8217; de Josep Mi\u00e0s a La Galeria Miguel Marcos, amb el suport de la Fundaci\u00f3 Llu\u00eds Coromina Isern"},"content":{"rendered":"<div class=\"\">La Galeria Miguel Marcos ha inaugurat l&#8217;exposici\u00f3 <em>Espais Dibuixats<\/em> de Josep Mi\u00e0s, una exploraci\u00f3 de la relaci\u00f3 entre el dibuix i l&#8217;espai per mitj\u00e0 de formes que desafien la fixaci\u00f3. Les l\u00ednies del dibuix es transformen en estructures tridimensionals, en construccions, en objectes en tr\u00e0nsit. L&#8217;acte de presentaci\u00f3, que va tenir lloc ahir dijous 23 de gener a les 19 h, va comptar amb la pres\u00e8ncia del propi Miguel Marcos, aix\u00ed com de Llu\u00eds Coromina i Ricard Planas, president i director de la Fundaci\u00f3 Llu\u00eds Coromina Isern, i la gestora cultural Maria Rosa Pons.<\/div>\n<div>\n<p>Amb el suport de la Fundaci\u00f3 Llu\u00eds Coromina Isern, el Departament de Cultura de la Generalitat de Catalunya i l&#8217;ICEC, aquesta exposici\u00f3 comparteix un espai personal, gaireb\u00e9 secret, l\u2019espai de llibertat que hi ha en el mateix acte de dibuixar. L\u00ednies sobre el paper, que abandonen aquesta condici\u00f3 per relacionar-se amb l\u2019espai, on, lluny de voler representar res, busquen establir relacions espacials a trav\u00e9s de la geometria. S\u00f3n objectes que resulten de construir unes l\u00ednies en l\u2019aire, del mateix gruix que el tra\u00e7 del llapis que les havia fixat sobre el paper; l\u00ednies que es reconeixen a si mateixes, o entre elles, simplement per afinitat. En superposar-se podran, potser, suggerir llocs transitables; altres vegades, la majoria, simplement no tindran cap prop\u00f2sit.<\/p>\n<p><strong>Josep Mi\u00e0s<\/strong> (Banyoles, Girona, 1966) \u00e9s escultor, arquitecte i professor de Pr\u00e0ctica Arquitect\u00f2nica a la London Bartlett School of Architecture. Es va graduar com a arquitecte l\u2019any 1992 a l\u2019ETSAB_UPC. El 2020, el Centre Pompidou de Par\u00eds va recon\u00e8ixer la seva rellev\u00e0ncia internacional, dedicant-li una sala monogr\u00e0fica al museu amb el t\u00edtol Unpredictable Traces (Par\u00eds, setembre 2020 &#8211; octubre 2021), i adquirint les seves obres per a la Col\u00b7lecci\u00f3 Permanent. L\u2019any 2022, el Govern de Catalunya i l\u2019Ajuntament de Barcelona van homenatjar els seus \u00e8xits internacionals amb l\u2019exposici\u00f3 monogr\u00e0fica The Making of Making (Architecture) (Barcelona, novembre 2021 \u2013 gener 2022), al Museu del Disseny i l\u2019Arquitectura de Barcelona. El 2024, l\u2019American Institute of Architects li va atorgar, el t\u00edtol d\u2019Honorary AIA Fellow 2024 pel seu \u201cexcepcional treball i contribuci\u00f3 a l\u2019arquitectura i a la societat a nivell internacional.<\/p>\n<\/div>\n","protected":false},"excerpt":{"rendered":"<p>La Galeria Miguel Marcos ha inaugurat l&#8217;exposici\u00f3 Espais Dibuixats de Josep Mi\u00e0s, una exploraci\u00f3 de la relaci\u00f3 entre el dibuix &#8230;<\/p>\n","protected":false},"author":2,"featured_media":6437,"comment_status":"closed","ping_status":"open","sticky":false,"template":"","format":"standard","meta":{"footnotes":""},"categories":[14,15,10],"tags":[],"class_list":["post-6436","post","type-post","status-publish","format-standard","has-post-thumbnail","hentry","category-accions-culturals","category-accions-socials","category-activitats"],"_links":{"self":[{"href":"http:\/\/fundaciolluiscoromina.org\/index.php\/wp-json\/wp\/v2\/posts\/6436","targetHints":{"allow":["GET"]}}],"collection":[{"href":"http:\/\/fundaciolluiscoromina.org\/index.php\/wp-json\/wp\/v2\/posts"}],"about":[{"href":"http:\/\/fundaciolluiscoromina.org\/index.php\/wp-json\/wp\/v2\/types\/post"}],"author":[{"embeddable":true,"href":"http:\/\/fundaciolluiscoromina.org\/index.php\/wp-json\/wp\/v2\/users\/2"}],"replies":[{"embeddable":true,"href":"http:\/\/fundaciolluiscoromina.org\/index.php\/wp-json\/wp\/v2\/comments?post=6436"}],"version-history":[{"count":1,"href":"http:\/\/fundaciolluiscoromina.org\/index.php\/wp-json\/wp\/v2\/posts\/6436\/revisions"}],"predecessor-version":[{"id":6927,"href":"http:\/\/fundaciolluiscoromina.org\/index.php\/wp-json\/wp\/v2\/posts\/6436\/revisions\/6927"}],"wp:featuredmedia":[{"embeddable":true,"href":"http:\/\/fundaciolluiscoromina.org\/index.php\/wp-json\/wp\/v2\/media\/6437"}],"wp:attachment":[{"href":"http:\/\/fundaciolluiscoromina.org\/index.php\/wp-json\/wp\/v2\/media?parent=6436"}],"wp:term":[{"taxonomy":"category","embeddable":true,"href":"http:\/\/fundaciolluiscoromina.org\/index.php\/wp-json\/wp\/v2\/categories?post=6436"},{"taxonomy":"post_tag","embeddable":true,"href":"http:\/\/fundaciolluiscoromina.org\/index.php\/wp-json\/wp\/v2\/tags?post=6436"}],"curies":[{"name":"wp","href":"https:\/\/api.w.org\/{rel}","templated":true}]}}