{"id":6444,"date":"2025-02-03T13:14:09","date_gmt":"2025-02-03T12:14:09","guid":{"rendered":"http:\/\/www.fundaciolluiscoromina.org\/?p=6444"},"modified":"2026-09-02T16:50:30","modified_gmt":"2026-09-02T14:50:30","slug":"lespai-eat-art-acull-la-inauguracio-de-lexposicio-ressonancies-europees-eduard-bigas-evoca-josep-pla","status":"publish","type":"post","link":"http:\/\/fundaciolluiscoromina.org\/index.php\/2025\/02\/03\/lespai-eat-art-acull-la-inauguracio-de-lexposicio-ressonancies-europees-eduard-bigas-evoca-josep-pla\/","title":{"rendered":"L&#8217;Espai Eat Art acull la inauguraci\u00f3 de l&#8217;exposici\u00f3 &#8216;Resson\u00e0ncies europees: Eduard Bigas evoca Josep Pla&#8217;"},"content":{"rendered":"<p>Aquest divendres 7 de febrer, a les 19 h, l&#8217;Espai Eat Art de Banyoles acollir\u00e0 la inauguraci\u00f3 de l&#8217;exposici\u00f3\u00a0<em>Resson\u00e0ncies europees: Eduard Bigas evoca Josep Pla.<\/em> Produ\u00efda per la Fundaci\u00f3 Josep Pla, es tracta d&#8217;una mostra que presenta\u00a0una s\u00e8rie de peces inspirades per la lectura de l\u2019obra de Josep Pla, que s\u2019estructuren a partir de diversos espais que han marcat la seva traject\u00f2ria vital i que il\u00b7lustren el perfil cosmopolita que uneix els dos autors.<\/p>\n<p>L&#8217;artista s\u2019inspira en la realitat que reflecteixen les paraules de Josep Pla per projectar la seva mirada sobre el present. El resultat \u00e9s una exposici\u00f3 que ens convida a rellegir la hist\u00f2ria de fa un segle i, alhora, ens il.lumina en el moment actual.<\/p>\n<p>Des de la seva infantesa, Eduard Bigas va mostrar un talent innat pel dibuix i la pintura. La seva primera exposici\u00f3 individual va tenir lloc l&#8217;any 1990 a la Sala d&#8217;Art Art\u00edstica de Girona i, despr\u00e9s d&#8217;exposar regularment a Catalunya, va comen\u00e7ar a viatjar amb el desig de con\u00e8ixer altres realitats mitjan\u00e7ant resid\u00e8ncies a ciutats com Sydney, Nova York, Londres, T\u00f2quio o Taiwan. Actualment, i des de fa m\u00e9s d\u2019una d\u00e8cada, Berl\u00edn \u00e9s el centre de la seva vida art\u00edstica i personal. Durant aquests anys, Bigas ha exposat les seves creacions a diverses galeries i espais de l\u2019Estat espanyol, el Regne Unit, It\u00e0lia, Alemanya i Taiwan.La inauguraci\u00f3 tindr\u00e0 lloc el divendres 7 de febrer a les 19 h a l&#8217;Espai Eat Art de Banyoles, i es podr\u00e0 visitar al mateix espai fins al dissabte 26 d&#8217;abril de 2025.<\/p>\n<p>&nbsp;<\/p>\n","protected":false},"excerpt":{"rendered":"<p>Aquest divendres 7 de febrer, a les 19 h, l&#8217;Espai Eat Art de Banyoles acollir\u00e0 la inauguraci\u00f3 de l&#8217;exposici\u00f3\u00a0Resson\u00e0ncies europees: &#8230;<\/p>\n","protected":false},"author":2,"featured_media":6445,"comment_status":"closed","ping_status":"open","sticky":false,"template":"","format":"standard","meta":{"footnotes":""},"categories":[17],"tags":[],"class_list":["post-6444","post","type-post","status-publish","format-standard","has-post-thumbnail","hentry","category-exposicions-espai-eat-art"],"_links":{"self":[{"href":"http:\/\/fundaciolluiscoromina.org\/index.php\/wp-json\/wp\/v2\/posts\/6444","targetHints":{"allow":["GET"]}}],"collection":[{"href":"http:\/\/fundaciolluiscoromina.org\/index.php\/wp-json\/wp\/v2\/posts"}],"about":[{"href":"http:\/\/fundaciolluiscoromina.org\/index.php\/wp-json\/wp\/v2\/types\/post"}],"author":[{"embeddable":true,"href":"http:\/\/fundaciolluiscoromina.org\/index.php\/wp-json\/wp\/v2\/users\/2"}],"replies":[{"embeddable":true,"href":"http:\/\/fundaciolluiscoromina.org\/index.php\/wp-json\/wp\/v2\/comments?post=6444"}],"version-history":[{"count":1,"href":"http:\/\/fundaciolluiscoromina.org\/index.php\/wp-json\/wp\/v2\/posts\/6444\/revisions"}],"predecessor-version":[{"id":6925,"href":"http:\/\/fundaciolluiscoromina.org\/index.php\/wp-json\/wp\/v2\/posts\/6444\/revisions\/6925"}],"wp:featuredmedia":[{"embeddable":true,"href":"http:\/\/fundaciolluiscoromina.org\/index.php\/wp-json\/wp\/v2\/media\/6445"}],"wp:attachment":[{"href":"http:\/\/fundaciolluiscoromina.org\/index.php\/wp-json\/wp\/v2\/media?parent=6444"}],"wp:term":[{"taxonomy":"category","embeddable":true,"href":"http:\/\/fundaciolluiscoromina.org\/index.php\/wp-json\/wp\/v2\/categories?post=6444"},{"taxonomy":"post_tag","embeddable":true,"href":"http:\/\/fundaciolluiscoromina.org\/index.php\/wp-json\/wp\/v2\/tags?post=6444"}],"curies":[{"name":"wp","href":"https:\/\/api.w.org\/{rel}","templated":true}]}}