{"id":6451,"date":"2025-02-03T13:53:20","date_gmt":"2025-02-03T12:53:20","guid":{"rendered":"http:\/\/www.fundaciolluiscoromina.org\/?p=6451"},"modified":"2026-09-02T16:50:30","modified_gmt":"2026-09-02T14:50:30","slug":"lespai-isern-dalmau-acull-la-inauguracio-de-lexposicio-josep-mias-en-transit-dialeg-amb-david-tremlett","status":"publish","type":"post","link":"http:\/\/fundaciolluiscoromina.org\/index.php\/2025\/02\/03\/lespai-isern-dalmau-acull-la-inauguracio-de-lexposicio-josep-mias-en-transit-dialeg-amb-david-tremlett\/","title":{"rendered":"L&#8217;Espai Isern Dalmau acull la inauguraci\u00f3 de l&#8217;exposici\u00f3 &#8216;Josep Mi\u00e0s en tr\u00e0nsit. Di\u00e0leg amb David Tremlett&#8217;"},"content":{"rendered":"<p>El pr\u00f2xim dijous 6 de febrer, a les 19 h, l&#8217;Espai Isern Dalmau de Barcelona acollir\u00e0 la<strong> inauguraci\u00f3 de l&#8217;exposici\u00f3 <em><strong>Jo<\/strong>sep Mi\u00e0s en tr\u00e0nsit. Di\u00e0leg amb David Tremlett<\/em>.<\/strong> Una proposta que es podr\u00e0 visitar fins al dissabte 29 de mar\u00e7 de 2025, i que gira al voltant de l&#8217;obra de Josep Mi\u00e0s i incorpora els dibuixos de l&#8217;escultor David Tremlett, en un di\u00e0leg entre els dos artistes que reflecteix les afinitats i semblances formals entre les seves obres.<\/p>\n<p>La mostra presenta una \u00fanica pe\u00e7a met\u00e0l\u00b7lica de gran grand\u00e0ria que crea tensi\u00f3 en l&#8217;espai que ocupa, i que \u00e9s el resultat del desenvolupament d\u2019una pe\u00e7a m\u00e9s petita exposada a la Galeria Miguel Marcos. Tamb\u00e9 s&#8217;inclouen peces preparat\u00f2ries en porcellana per a aquesta pe\u00e7a central \u00fanica, aix\u00ed com alguns dibuixos.<\/p>\n<p>La incorporaci\u00f3 de l\u2019obra de David Tremlett a l\u2019Espai Isern Dalmau permet crear un di\u00e0leg de gran riquesa entre els dos artistes. Els seus dibuixos minimalistes exploren l\u2019espai i el color, i conviden a l\u2019espectador a una contemplaci\u00f3 serena. La geometria rectangular de les seves obres dialoga de manera singular i fluida amb les formes romboidals de l\u2019escultura de gran format de Josep Mi\u00e0s. S\u00f3n, d\u2019alguna manera, dibuixos arquitect\u00f2nics que utilitzen el pastel, un material segons Tremlett a la vegada fr\u00e0gil i delicat, per\u00f2 amb el que es poden fer coses estructuralment resistents. Aix\u00ed, escultor i arquitecte queden units per una s\u00edmil concepci\u00f3 de l\u2019espai.<\/p>\n<p>L&#8217;exposici\u00f3 <em>Josep Mi\u00e0s en tr\u00e0nsit. Di\u00e0leg amb David Tremlett<\/em> compta amb la col\u00b7laboraci\u00f3 de la Galeria Miguel Marcos que, simult\u00e0niament, presenta una altra mostra tamb\u00e9 al voltant de Josep Mi\u00e0s. Una proposta que ja es pot visitar a la galeria i que exhibeix objectes tridimensionals fets amb filferro galvanitzat.<\/p>\n","protected":false},"excerpt":{"rendered":"<p>El pr\u00f2xim dijous 6 de febrer, a les 19 h, l&#8217;Espai Isern Dalmau de Barcelona acollir\u00e0 la inauguraci\u00f3 de l&#8217;exposici\u00f3 &#8230;<\/p>\n","protected":false},"author":2,"featured_media":6452,"comment_status":"closed","ping_status":"open","sticky":false,"template":"","format":"standard","meta":{"footnotes":""},"categories":[10,228],"tags":[],"class_list":["post-6451","post","type-post","status-publish","format-standard","has-post-thumbnail","hentry","category-activitats","category-exposicions-espai-isern-dalmau"],"_links":{"self":[{"href":"http:\/\/fundaciolluiscoromina.org\/index.php\/wp-json\/wp\/v2\/posts\/6451","targetHints":{"allow":["GET"]}}],"collection":[{"href":"http:\/\/fundaciolluiscoromina.org\/index.php\/wp-json\/wp\/v2\/posts"}],"about":[{"href":"http:\/\/fundaciolluiscoromina.org\/index.php\/wp-json\/wp\/v2\/types\/post"}],"author":[{"embeddable":true,"href":"http:\/\/fundaciolluiscoromina.org\/index.php\/wp-json\/wp\/v2\/users\/2"}],"replies":[{"embeddable":true,"href":"http:\/\/fundaciolluiscoromina.org\/index.php\/wp-json\/wp\/v2\/comments?post=6451"}],"version-history":[{"count":1,"href":"http:\/\/fundaciolluiscoromina.org\/index.php\/wp-json\/wp\/v2\/posts\/6451\/revisions"}],"predecessor-version":[{"id":6924,"href":"http:\/\/fundaciolluiscoromina.org\/index.php\/wp-json\/wp\/v2\/posts\/6451\/revisions\/6924"}],"wp:featuredmedia":[{"embeddable":true,"href":"http:\/\/fundaciolluiscoromina.org\/index.php\/wp-json\/wp\/v2\/media\/6452"}],"wp:attachment":[{"href":"http:\/\/fundaciolluiscoromina.org\/index.php\/wp-json\/wp\/v2\/media?parent=6451"}],"wp:term":[{"taxonomy":"category","embeddable":true,"href":"http:\/\/fundaciolluiscoromina.org\/index.php\/wp-json\/wp\/v2\/categories?post=6451"},{"taxonomy":"post_tag","embeddable":true,"href":"http:\/\/fundaciolluiscoromina.org\/index.php\/wp-json\/wp\/v2\/tags?post=6451"}],"curies":[{"name":"wp","href":"https:\/\/api.w.org\/{rel}","templated":true}]}}