{"id":6456,"date":"2025-02-13T12:17:45","date_gmt":"2025-02-13T11:17:45","guid":{"rendered":"http:\/\/www.fundaciolluiscoromina.org\/?p=6456"},"modified":"2026-09-02T16:50:29","modified_gmt":"2026-09-02T14:50:29","slug":"henrik-olsson-i-ola-rubin-segona-proposta-del-cicle-cimic-2025","status":"publish","type":"post","link":"http:\/\/fundaciolluiscoromina.org\/index.php\/2025\/02\/13\/henrik-olsson-i-ola-rubin-segona-proposta-del-cicle-cimic-2025\/","title":{"rendered":"Henrik Olsson i Ola Rubin, segona proposta del cicle cIMIc 2025"},"content":{"rendered":"<p>Henrik Olsson (guitarra) i Ola Rubin (tromb\u00f3) s\u00f3n dos reconeguts improvisadors suecs, residents a Copenhaguen i Malm\u00f6, des d&#8217;on participen en diversos projectes de l\u2019escena local i internacional. Amb aquesta proposta del duet OLSSON|RUBIN, el cicle cIMIc continuar\u00e0 aquest mes de febrer, i ho far\u00e0 amb dues actuacions a la Fundaci\u00f3 Llu\u00eds Coromina Isern: el dimarts 18 de febrer a l&#8217;Espai Isern Dalmau, a les 20 h, i el divendres 21 de febrer a l&#8217;Espai Eat Art, a la mateixa hora.<\/p>\n<p>Els dos artistes se submergeixen en un di\u00e0leg musical improvisat, ple d\u2019energia i expressivitat. S\u2019obren cam\u00ed cap a all\u00f2 que no s\u2019escolta, explorant meticulosament sons al\u00b7lucinants, ritmes i formes sonores abstractes, amb r\u00e0pids canvis entre aquests. La curiositat \u00e9s el nucli de la identitat del duo, aix\u00ed com la seva interacci\u00f3 reactiva i din\u00e0mica.<\/p>\n<p>Aquest 2025 se celebra la segona edici\u00f3 del cicle cIMIc, organitzat per DUOT (Albert Cirera i Ramon Prats), una iniciativa que programa diverses propostes de m\u00fasiques improvisades. Fins al mes d&#8217;abril, artistes i projectes com N\u00faria Mart\u00ednez-Vernis i Oriol Sauleda o Leonor Falc\u00f3n i Barbara Togander faran parada a l\u2019Espai Eat Art i a l\u2019Espai Isern Dalmau. Els concerts tindran lloc a les 20 h del vespre, i les entrades, que tenen un preu de 5 euros, es podran adquirir una hora abans de l\u2019inici del concert.<\/p>\n","protected":false},"excerpt":{"rendered":"<p>Henrik Olsson (guitarra) i Ola Rubin (tromb\u00f3) s\u00f3n dos reconeguts improvisadors suecs, residents a Copenhaguen i Malm\u00f6, des d&#8217;on participen &#8230;<\/p>\n","protected":false},"author":2,"featured_media":6458,"comment_status":"closed","ping_status":"open","sticky":false,"template":"","format":"standard","meta":{"footnotes":""},"categories":[14,10,228,17],"tags":[],"class_list":["post-6456","post","type-post","status-publish","format-standard","has-post-thumbnail","hentry","category-accions-culturals","category-activitats","category-exposicions-espai-isern-dalmau","category-exposicions-espai-eat-art"],"_links":{"self":[{"href":"http:\/\/fundaciolluiscoromina.org\/index.php\/wp-json\/wp\/v2\/posts\/6456","targetHints":{"allow":["GET"]}}],"collection":[{"href":"http:\/\/fundaciolluiscoromina.org\/index.php\/wp-json\/wp\/v2\/posts"}],"about":[{"href":"http:\/\/fundaciolluiscoromina.org\/index.php\/wp-json\/wp\/v2\/types\/post"}],"author":[{"embeddable":true,"href":"http:\/\/fundaciolluiscoromina.org\/index.php\/wp-json\/wp\/v2\/users\/2"}],"replies":[{"embeddable":true,"href":"http:\/\/fundaciolluiscoromina.org\/index.php\/wp-json\/wp\/v2\/comments?post=6456"}],"version-history":[{"count":1,"href":"http:\/\/fundaciolluiscoromina.org\/index.php\/wp-json\/wp\/v2\/posts\/6456\/revisions"}],"predecessor-version":[{"id":6923,"href":"http:\/\/fundaciolluiscoromina.org\/index.php\/wp-json\/wp\/v2\/posts\/6456\/revisions\/6923"}],"wp:featuredmedia":[{"embeddable":true,"href":"http:\/\/fundaciolluiscoromina.org\/index.php\/wp-json\/wp\/v2\/media\/6458"}],"wp:attachment":[{"href":"http:\/\/fundaciolluiscoromina.org\/index.php\/wp-json\/wp\/v2\/media?parent=6456"}],"wp:term":[{"taxonomy":"category","embeddable":true,"href":"http:\/\/fundaciolluiscoromina.org\/index.php\/wp-json\/wp\/v2\/categories?post=6456"},{"taxonomy":"post_tag","embeddable":true,"href":"http:\/\/fundaciolluiscoromina.org\/index.php\/wp-json\/wp\/v2\/tags?post=6456"}],"curies":[{"name":"wp","href":"https:\/\/api.w.org\/{rel}","templated":true}]}}