{"id":6462,"date":"2025-02-27T12:38:13","date_gmt":"2025-02-27T11:38:13","guid":{"rendered":"http:\/\/www.fundaciolluiscoromina.org\/?p=6462"},"modified":"2026-09-02T16:50:29","modified_gmt":"2026-09-02T14:50:29","slug":"inaugurada-lexposicio-can-xapes-art-a-lespai-inefable-amb-obres-de-lluis-vila-yurian-quintanas-i-art-especial","status":"publish","type":"post","link":"http:\/\/fundaciolluiscoromina.org\/index.php\/2025\/02\/27\/inaugurada-lexposicio-can-xapes-art-a-lespai-inefable-amb-obres-de-lluis-vila-yurian-quintanas-i-art-especial\/","title":{"rendered":"Inaugurada l&#8217;exposici\u00f3 &#8216;Can Xapes Art&#8217; a l&#8217;Espai Inefable, amb obres de Llu\u00eds Vil\u00e0, Yurian Quintanas i Art Especial"},"content":{"rendered":"<p>La Fundaci\u00f3 Llu\u00eds Coromina Isern i Can Xapes-espai gastron\u00f2mic han inaugurat l&#8217;exposici\u00f3 <em>Can Xapes Art<\/em> a l&#8217;Espai Inefable, situat al mateix restaurant. Amb la gastronomia i l&#8217;art contemporani com a eixos vertebradors, aquesta mostra compta amb tres instal\u00b7lacions i propostes diferents amb obres de Llu\u00eds Vil\u00e0, Yurian Quintanas i el projecte Art Especial.<\/p>\n<p>Per una banda, l&#8217;artista <strong>Llu\u00eds Vil\u00e0 i Vendrell<\/strong> oferir\u00e0 una selecci\u00f3 de les seves creacions. Fill de Banyoles amb una \u00e0mplia traject\u00f2ria en pintura, escultura i disseny, Vil\u00e0 destaca per la utilitzaci\u00f3 de materials fungibles, aix\u00ed com la seva cr\u00edtica dirigida a la societat de consum. Un dels treballs m\u00e9s recents \u00e9s <em>Nautes<\/em> (2006), una obra molt propera a l&#8217;art conceptual amb qu\u00e8 reflexiona amb un to ir\u00f2nic, paradoxal i cr\u00edtic a trav\u00e9s d&#8217;escultures i puntures de cos infantil que renuncien a la seva iconografia del cos habitual.<\/p>\n<p>En segon lloc, l&#8217;exposici\u00f3 tamb\u00e9 oferir\u00e0 les peces d&#8217;<em>Indago<\/em>, un treball fotogr\u00e0fic de <strong>Yurian Quintanas <\/strong>que neix de la contemplaci\u00f3 del medi natural i de les seves aparences. L&#8217;autor redescobreix i d\u00f3na un nou sentit a les formes que troba en elles per tal de reflectir estats d&#8217;\u00e0nim i pensaments personals. Imatges en blanc i negre que evoquen la nit i ens parlen de la relaci\u00f3 entre l&#8217;home i la natura, la vida i la mort o l&#8217;aparen\u00e7a f\u00edsica de les coses. Un projecte que el 2016 va rebre el premi Arts Libris de la Fundaci\u00f3 Banc de Sabadell. El llibre, publicat per Ediciones An\u00f3malas, compta amb la col\u00b7laboraci\u00f3 de les editorials 77 i Witty Kiwi i amb el suport de la Fundaci\u00f3 Llu\u00eds Coromina Isern.<\/p>\n<p>La tercera proposta \u00e9s <em>Art Especial<\/em>, un recull d&#8217;obres que formen part del <strong>projecte Art Especial<\/strong> que es porta a terme des de la Fundaci\u00f3 Estany, una entitat banyolina dedicada a l&#8217;atenci\u00f3 de persones amb discapacitats intel\u00b7lectuals, amb el suport de la Fundaci\u00f3 Llu\u00eds Coromina Isern, al Puntal &#8211; Laboratori de les Arts. Condu\u00eft per l&#8217;artista Hellen Baanders, consisteix en uns tallers on s&#8217;aprenen i es desenvolupen disciplines art\u00edstiques com el dibuix, la pintura i l&#8217;escultura. El projecte ha estat reconegut en l&#8217;edici\u00f3 dels Premis Bonart 25 anys (2025) per la seva tasca per trencar barreres entre l&#8217;art i la discapacitat.<\/p>\n<p>&nbsp;<\/p>\n<p><img loading=\"lazy\" decoding=\"async\" class=\"size-medium wp-image-6470\" src=\"http:\/\/test.fundaciolluiscoromina.org\/wp-content\/uploads\/2025\/02\/Expo-Art-Xapes-102-300x200.jpg\" alt=\"\" width=\"300\" height=\"200\" srcset=\"http:\/\/fundaciolluiscoromina.org\/wp-content\/uploads\/2025\/02\/Expo-Art-Xapes-102-300x200.jpg 300w, http:\/\/fundaciolluiscoromina.org\/wp-content\/uploads\/2025\/02\/Expo-Art-Xapes-102-1024x683.jpg 1024w, http:\/\/fundaciolluiscoromina.org\/wp-content\/uploads\/2025\/02\/Expo-Art-Xapes-102-768x512.jpg 768w, http:\/\/fundaciolluiscoromina.org\/wp-content\/uploads\/2025\/02\/Expo-Art-Xapes-102-1536x1024.jpg 1536w, http:\/\/fundaciolluiscoromina.org\/wp-content\/uploads\/2025\/02\/Expo-Art-Xapes-102-2048x1365.jpg 2048w\" sizes=\"auto, (max-width: 300px) 100vw, 300px\" \/><\/p>\n<p><img loading=\"lazy\" decoding=\"async\" class=\"size-medium wp-image-6467\" src=\"http:\/\/test.fundaciolluiscoromina.org\/wp-content\/uploads\/2025\/02\/Expo-Art-Xapes-060-300x200.jpg\" alt=\"\" width=\"300\" height=\"200\" srcset=\"http:\/\/fundaciolluiscoromina.org\/wp-content\/uploads\/2025\/02\/Expo-Art-Xapes-060-300x200.jpg 300w, http:\/\/fundaciolluiscoromina.org\/wp-content\/uploads\/2025\/02\/Expo-Art-Xapes-060-1024x683.jpg 1024w, http:\/\/fundaciolluiscoromina.org\/wp-content\/uploads\/2025\/02\/Expo-Art-Xapes-060-768x512.jpg 768w, http:\/\/fundaciolluiscoromina.org\/wp-content\/uploads\/2025\/02\/Expo-Art-Xapes-060-1536x1024.jpg 1536w, http:\/\/fundaciolluiscoromina.org\/wp-content\/uploads\/2025\/02\/Expo-Art-Xapes-060-2048x1365.jpg 2048w\" sizes=\"auto, (max-width: 300px) 100vw, 300px\" \/><\/p>\n<p><img loading=\"lazy\" decoding=\"async\" class=\"size-medium wp-image-6468\" src=\"http:\/\/test.fundaciolluiscoromina.org\/wp-content\/uploads\/2025\/02\/Expo-Art-Xapes-070-300x200.jpeg\" alt=\"\" width=\"300\" height=\"200\" srcset=\"http:\/\/fundaciolluiscoromina.org\/wp-content\/uploads\/2025\/02\/Expo-Art-Xapes-070-300x200.jpeg 300w, http:\/\/fundaciolluiscoromina.org\/wp-content\/uploads\/2025\/02\/Expo-Art-Xapes-070-1024x683.jpeg 1024w, http:\/\/fundaciolluiscoromina.org\/wp-content\/uploads\/2025\/02\/Expo-Art-Xapes-070-768x512.jpeg 768w, http:\/\/fundaciolluiscoromina.org\/wp-content\/uploads\/2025\/02\/Expo-Art-Xapes-070-1536x1024.jpeg 1536w, http:\/\/fundaciolluiscoromina.org\/wp-content\/uploads\/2025\/02\/Expo-Art-Xapes-070-2048x1365.jpeg 2048w\" sizes=\"auto, (max-width: 300px) 100vw, 300px\" \/><\/p>\n<p>&nbsp;<\/p>\n","protected":false},"excerpt":{"rendered":"<p>La Fundaci\u00f3 Llu\u00eds Coromina Isern i Can Xapes-espai gastron\u00f2mic han inaugurat l&#8217;exposici\u00f3 Can Xapes Art a l&#8217;Espai Inefable, situat al &#8230;<\/p>\n","protected":false},"author":2,"featured_media":6463,"comment_status":"closed","ping_status":"open","sticky":false,"template":"","format":"standard","meta":{"footnotes":""},"categories":[14,15,10,11],"tags":[],"class_list":["post-6462","post","type-post","status-publish","format-standard","has-post-thumbnail","hentry","category-accions-culturals","category-accions-socials","category-activitats","category-educacio-2"],"_links":{"self":[{"href":"http:\/\/fundaciolluiscoromina.org\/index.php\/wp-json\/wp\/v2\/posts\/6462","targetHints":{"allow":["GET"]}}],"collection":[{"href":"http:\/\/fundaciolluiscoromina.org\/index.php\/wp-json\/wp\/v2\/posts"}],"about":[{"href":"http:\/\/fundaciolluiscoromina.org\/index.php\/wp-json\/wp\/v2\/types\/post"}],"author":[{"embeddable":true,"href":"http:\/\/fundaciolluiscoromina.org\/index.php\/wp-json\/wp\/v2\/users\/2"}],"replies":[{"embeddable":true,"href":"http:\/\/fundaciolluiscoromina.org\/index.php\/wp-json\/wp\/v2\/comments?post=6462"}],"version-history":[{"count":1,"href":"http:\/\/fundaciolluiscoromina.org\/index.php\/wp-json\/wp\/v2\/posts\/6462\/revisions"}],"predecessor-version":[{"id":6922,"href":"http:\/\/fundaciolluiscoromina.org\/index.php\/wp-json\/wp\/v2\/posts\/6462\/revisions\/6922"}],"wp:featuredmedia":[{"embeddable":true,"href":"http:\/\/fundaciolluiscoromina.org\/index.php\/wp-json\/wp\/v2\/media\/6463"}],"wp:attachment":[{"href":"http:\/\/fundaciolluiscoromina.org\/index.php\/wp-json\/wp\/v2\/media?parent=6462"}],"wp:term":[{"taxonomy":"category","embeddable":true,"href":"http:\/\/fundaciolluiscoromina.org\/index.php\/wp-json\/wp\/v2\/categories?post=6462"},{"taxonomy":"post_tag","embeddable":true,"href":"http:\/\/fundaciolluiscoromina.org\/index.php\/wp-json\/wp\/v2\/tags?post=6462"}],"curies":[{"name":"wp","href":"https:\/\/api.w.org\/{rel}","templated":true}]}}