{"id":6477,"date":"2025-03-07T10:50:03","date_gmt":"2025-03-07T09:50:03","guid":{"rendered":"http:\/\/www.fundaciolluiscoromina.org\/?p=6477"},"modified":"2026-09-02T16:50:29","modified_gmt":"2026-09-02T14:50:29","slug":"inaugurada-lexposicio-abecedeari-solidari-a-tarragona-un-homenatge-a-miquel-marti-i-pol-amb-el-suport-de-la-fundacio-lluis-coromina-isern","status":"publish","type":"post","link":"http:\/\/fundaciolluiscoromina.org\/index.php\/2025\/03\/07\/inaugurada-lexposicio-abecedeari-solidari-a-tarragona-un-homenatge-a-miquel-marti-i-pol-amb-el-suport-de-la-fundacio-lluis-coromina-isern\/","title":{"rendered":"Inaugurada l&#8217;exposici\u00f3 &#8216;Abecedeari Solidari&#8217; a Tarragona, un homenatge a Miquel Mart\u00ed i Pol amb el suport de la Fundaci\u00f3 Llu\u00eds Coromina Isern"},"content":{"rendered":"<p>L&#8217;exposici\u00f3 <em>Abecedari Solidari <\/em>es va inaugurar aquest dijous 6 de mar\u00e7 al Refugi 1 del Moll de Costa de Tarragona. En el marc del festival de poesia Transvers, es tracta d&#8217;una mostra que ret homenatge al poeta catal\u00e0 Miquel Mart\u00ed i Pol mitjan\u00e7ant la reinterpretaci\u00f3 d&#8217;alguns dels seus haikus per part de diversos artistes visuals, poetes i escriptors. Fins al 27 d&#8217;abril, es podr\u00e0 visitar aquestes obres que inclouen textos de Mar\u00eda Barbal, V\u00edctor Sunyol, M\u00e0rius Carol, V\u00edctor Amela, Gemma Lienas i Josep Daller\u00e8s, entre d&#8217;altres, i peces pl\u00e0stiques d&#8217;Eduard Arranz Bravo, Joan Fontcuberta i Joan Jord\u00e0.<\/p>\n<p>L&#8217;exposici\u00f3 ha estat produ\u00efda pel Ministeri de Cultura d&#8217;Andorra, amb la col\u00b7laboraci\u00f3 de la Fundaci\u00f3 Miquel Mart\u00ed i Pol i amb el suport de la Fundaci\u00f3 Llu\u00eds Coromina Isern i la Fundaci\u00f3 Integralia DKV.<\/p>\n<div class=\"subheadline\"><\/div>\n","protected":false},"excerpt":{"rendered":"<p>L&#8217;exposici\u00f3 Abecedari Solidari es va inaugurar aquest dijous 6 de mar\u00e7 al Refugi 1 del Moll de Costa de Tarragona. &#8230;<\/p>\n","protected":false},"author":2,"featured_media":6478,"comment_status":"closed","ping_status":"open","sticky":false,"template":"","format":"standard","meta":{"footnotes":""},"categories":[14,10],"tags":[],"class_list":["post-6477","post","type-post","status-publish","format-standard","has-post-thumbnail","hentry","category-accions-culturals","category-activitats"],"_links":{"self":[{"href":"http:\/\/fundaciolluiscoromina.org\/index.php\/wp-json\/wp\/v2\/posts\/6477","targetHints":{"allow":["GET"]}}],"collection":[{"href":"http:\/\/fundaciolluiscoromina.org\/index.php\/wp-json\/wp\/v2\/posts"}],"about":[{"href":"http:\/\/fundaciolluiscoromina.org\/index.php\/wp-json\/wp\/v2\/types\/post"}],"author":[{"embeddable":true,"href":"http:\/\/fundaciolluiscoromina.org\/index.php\/wp-json\/wp\/v2\/users\/2"}],"replies":[{"embeddable":true,"href":"http:\/\/fundaciolluiscoromina.org\/index.php\/wp-json\/wp\/v2\/comments?post=6477"}],"version-history":[{"count":1,"href":"http:\/\/fundaciolluiscoromina.org\/index.php\/wp-json\/wp\/v2\/posts\/6477\/revisions"}],"predecessor-version":[{"id":6921,"href":"http:\/\/fundaciolluiscoromina.org\/index.php\/wp-json\/wp\/v2\/posts\/6477\/revisions\/6921"}],"wp:featuredmedia":[{"embeddable":true,"href":"http:\/\/fundaciolluiscoromina.org\/index.php\/wp-json\/wp\/v2\/media\/6478"}],"wp:attachment":[{"href":"http:\/\/fundaciolluiscoromina.org\/index.php\/wp-json\/wp\/v2\/media?parent=6477"}],"wp:term":[{"taxonomy":"category","embeddable":true,"href":"http:\/\/fundaciolluiscoromina.org\/index.php\/wp-json\/wp\/v2\/categories?post=6477"},{"taxonomy":"post_tag","embeddable":true,"href":"http:\/\/fundaciolluiscoromina.org\/index.php\/wp-json\/wp\/v2\/tags?post=6477"}],"curies":[{"name":"wp","href":"https:\/\/api.w.org\/{rel}","templated":true}]}}