{"id":6480,"date":"2025-03-13T14:22:24","date_gmt":"2025-03-13T13:22:24","guid":{"rendered":"http:\/\/www.fundaciolluiscoromina.org\/?p=6480"},"modified":"2026-09-02T16:50:29","modified_gmt":"2026-09-02T14:50:29","slug":"6480-2","status":"publish","type":"post","link":"http:\/\/fundaciolluiscoromina.org\/index.php\/2025\/03\/13\/6480-2\/","title":{"rendered":"L&#8217;Espai Isern Dalmau de Barcelona rep la visita del president de la Diputaci\u00f3 de Girona i alcalde de Banyoles, Miquel Noguer i Planas"},"content":{"rendered":"<p>Aquest mat\u00ed, l&#8217;Espai Isern Dalmau de Barcelona ha acollit la pres\u00e8ncia del president de la Diputaci\u00f3 de Girona i alcalde de Banyoles, Miquel Noguer, acompanyat del director de la Fundaci\u00f3 Llu\u00eds Coromina Isern, Ricard Planas; del galerista Miguel Marcos, i de l&#8217;arquitecte Josep Mi\u00e0s. Una visita en el marc de l&#8217;exposici\u00f3 actualment instal\u00b7lada a l&#8217;espai: <em>Josep Mi\u00e0s en tr\u00e0nsit. Di\u00e0leg amb David Tremlett. <\/em>Una proposta que gira al voltant de l\u2019obra del banyol\u00ed i que incorpora els dibuixos de l\u2019escultor David Tremlett, en un di\u00e0leg entre els dos artistes que reflecteix les afinitats i semblances formals entre les seves obres.<\/p>\n<p>La mostra presenta una \u00fanica pe\u00e7a met\u00e0l\u00b7lica de gran grand\u00e0ria que crea tensi\u00f3 en l\u2019espai que ocupa, i que \u00e9s el resultat del desenvolupament d\u2019una pe\u00e7a m\u00e9s petita exposada a la Galeria Miguel Marcos. Tamb\u00e9 s\u2019inclouen peces preparat\u00f2ries en porcellana per a aquesta pe\u00e7a central \u00fanica, aix\u00ed com alguns dibuixos.<\/p>\n<p>La incorporaci\u00f3 de l\u2019obra de David Tremlett a l\u2019Espai Isern Dalmau permet crear un di\u00e0leg de gran riquesa entre els dos artistes. Els seus dibuixos minimalistes exploren l\u2019espai i el color, i conviden a l\u2019espectador a una contemplaci\u00f3 serena. La geometria rectangular de les seves obres dialoga de manera singular i fluida amb les formes romboidals de l\u2019escultura de gran format de Josep Mi\u00e0s. S\u00f3n, d\u2019alguna manera, dibuixos arquitect\u00f2nics que utilitzen el pastel, un material segons Tremlett a la vegada fr\u00e0gil i delicat, per\u00f2 amb el que es poden fer coses estructuralment resistents. Aix\u00ed, escultor i arquitecte queden units per una s\u00edmil concepci\u00f3 de l\u2019espai.<\/p>\n<p><img loading=\"lazy\" decoding=\"async\" class=\"alignnone size-medium wp-image-6482\" src=\"http:\/\/test.fundaciolluiscoromina.org\/wp-content\/uploads\/2025\/03\/20250313_133915-300x225.jpg\" alt=\"\" width=\"300\" height=\"225\" srcset=\"http:\/\/fundaciolluiscoromina.org\/wp-content\/uploads\/2025\/03\/20250313_133915-300x225.jpg 300w, http:\/\/fundaciolluiscoromina.org\/wp-content\/uploads\/2025\/03\/20250313_133915-1024x768.jpg 1024w, http:\/\/fundaciolluiscoromina.org\/wp-content\/uploads\/2025\/03\/20250313_133915-768x576.jpg 768w, http:\/\/fundaciolluiscoromina.org\/wp-content\/uploads\/2025\/03\/20250313_133915-1536x1152.jpg 1536w, http:\/\/fundaciolluiscoromina.org\/wp-content\/uploads\/2025\/03\/20250313_133915.jpg 2000w\" sizes=\"auto, (max-width: 300px) 100vw, 300px\" \/><img loading=\"lazy\" decoding=\"async\" class=\"alignnone size-medium wp-image-6484\" src=\"http:\/\/test.fundaciolluiscoromina.org\/wp-content\/uploads\/2025\/03\/20250313_134029-300x225.jpg\" alt=\"\" width=\"300\" height=\"225\" srcset=\"http:\/\/fundaciolluiscoromina.org\/wp-content\/uploads\/2025\/03\/20250313_134029-300x225.jpg 300w, http:\/\/fundaciolluiscoromina.org\/wp-content\/uploads\/2025\/03\/20250313_134029-1024x768.jpg 1024w, http:\/\/fundaciolluiscoromina.org\/wp-content\/uploads\/2025\/03\/20250313_134029-768x576.jpg 768w, http:\/\/fundaciolluiscoromina.org\/wp-content\/uploads\/2025\/03\/20250313_134029-1536x1152.jpg 1536w, http:\/\/fundaciolluiscoromina.org\/wp-content\/uploads\/2025\/03\/20250313_134029-2048x1536.jpg 2048w\" sizes=\"auto, (max-width: 300px) 100vw, 300px\" \/><img loading=\"lazy\" decoding=\"async\" class=\"alignnone size-medium wp-image-6483\" src=\"http:\/\/test.fundaciolluiscoromina.org\/wp-content\/uploads\/2025\/03\/20250313_133945-300x225.jpg\" alt=\"\" width=\"300\" height=\"225\" srcset=\"http:\/\/fundaciolluiscoromina.org\/wp-content\/uploads\/2025\/03\/20250313_133945-300x225.jpg 300w, http:\/\/fundaciolluiscoromina.org\/wp-content\/uploads\/2025\/03\/20250313_133945-1024x768.jpg 1024w, http:\/\/fundaciolluiscoromina.org\/wp-content\/uploads\/2025\/03\/20250313_133945-768x576.jpg 768w, http:\/\/fundaciolluiscoromina.org\/wp-content\/uploads\/2025\/03\/20250313_133945-1536x1152.jpg 1536w, http:\/\/fundaciolluiscoromina.org\/wp-content\/uploads\/2025\/03\/20250313_133945.jpg 2000w\" sizes=\"auto, (max-width: 300px) 100vw, 300px\" \/><\/p>\n","protected":false},"excerpt":{"rendered":"<p>Aquest mat\u00ed, l&#8217;Espai Isern Dalmau de Barcelona ha acollit la pres\u00e8ncia del president de la Diputaci\u00f3 de Girona i alcalde &#8230;<\/p>\n","protected":false},"author":2,"featured_media":6481,"comment_status":"closed","ping_status":"open","sticky":false,"template":"","format":"standard","meta":{"footnotes":""},"categories":[14,15,10],"tags":[],"class_list":["post-6480","post","type-post","status-publish","format-standard","has-post-thumbnail","hentry","category-accions-culturals","category-accions-socials","category-activitats"],"_links":{"self":[{"href":"http:\/\/fundaciolluiscoromina.org\/index.php\/wp-json\/wp\/v2\/posts\/6480","targetHints":{"allow":["GET"]}}],"collection":[{"href":"http:\/\/fundaciolluiscoromina.org\/index.php\/wp-json\/wp\/v2\/posts"}],"about":[{"href":"http:\/\/fundaciolluiscoromina.org\/index.php\/wp-json\/wp\/v2\/types\/post"}],"author":[{"embeddable":true,"href":"http:\/\/fundaciolluiscoromina.org\/index.php\/wp-json\/wp\/v2\/users\/2"}],"replies":[{"embeddable":true,"href":"http:\/\/fundaciolluiscoromina.org\/index.php\/wp-json\/wp\/v2\/comments?post=6480"}],"version-history":[{"count":1,"href":"http:\/\/fundaciolluiscoromina.org\/index.php\/wp-json\/wp\/v2\/posts\/6480\/revisions"}],"predecessor-version":[{"id":6700,"href":"http:\/\/fundaciolluiscoromina.org\/index.php\/wp-json\/wp\/v2\/posts\/6480\/revisions\/6700"}],"wp:featuredmedia":[{"embeddable":true,"href":"http:\/\/fundaciolluiscoromina.org\/index.php\/wp-json\/wp\/v2\/media\/6481"}],"wp:attachment":[{"href":"http:\/\/fundaciolluiscoromina.org\/index.php\/wp-json\/wp\/v2\/media?parent=6480"}],"wp:term":[{"taxonomy":"category","embeddable":true,"href":"http:\/\/fundaciolluiscoromina.org\/index.php\/wp-json\/wp\/v2\/categories?post=6480"},{"taxonomy":"post_tag","embeddable":true,"href":"http:\/\/fundaciolluiscoromina.org\/index.php\/wp-json\/wp\/v2\/tags?post=6480"}],"curies":[{"name":"wp","href":"https:\/\/api.w.org\/{rel}","templated":true}]}}