{"id":6489,"date":"2025-03-18T10:06:12","date_gmt":"2025-03-18T09:06:12","guid":{"rendered":"http:\/\/www.fundaciolluiscoromina.org\/?p=6489"},"modified":"2026-09-02T16:50:29","modified_gmt":"2026-09-02T14:50:29","slug":"muxart-espai-dart-i-creacio-contemporanis-acull-lexposicio-art-i-paraula","status":"publish","type":"post","link":"http:\/\/fundaciolluiscoromina.org\/index.php\/2025\/03\/18\/muxart-espai-dart-i-creacio-contemporanis-acull-lexposicio-art-i-paraula\/","title":{"rendered":"Muxart, Espai d&#8217;Art i Creaci\u00f3 Contemporanis acull l&#8217;exposici\u00f3 &#8216;Art i Paraula&#8217;"},"content":{"rendered":"<p>Muxart, Espai d&#8217;Art i Creaci\u00f3 Contemporanis acull l\u2019exposici\u00f3 <em>Art i Paraula<\/em>, una mostra itinerant d\u2019art contemporani i poesia catalana que arriba a Martorell despr\u00e9s de rodar per Terrassa, Barcelona, Girona, Sabadell, Calonge, Santa Coloma de Farners i Caldes d\u2019Estrac. Produ\u00efda per la Fundaci\u00f3 Llu\u00eds Coromina Isern, l\u2019exposici\u00f3 ofereix un recorregut que explora les obres de diversos poetes i artistes visuals de diferents generacions i llenguatges de la cultura catalana, com Salvador Espriu, Francesca Llopis, Joan Oliver, Am\u00e8lia Riera, Guinovart o Maria Merc\u00e8 Mar\u00e7al, entre molts altres, amb l\u2019objectiu de donar a con\u00e8ixer els vincles existents entre diversos creadors de Catalunya.<\/p>\n<p>Comissariada per Fina Duran, Jes\u00fas Gald\u00f3n i Martina Morittu, l\u2019exposici\u00f3 ha comptat el suport de la Fundaci\u00f3 Josep Guinovart, la Fundaci\u00f3 Fel\u00edcia Fuster, \u00d2mnium Cultural i la Instituci\u00f3 de les Lletres Catalanes de la Generalitat de Catalunya.<\/p>\n<p>La inauguraci\u00f3 a l&#8217;espai Muxart va tenir lloc el divendres 14 de mar\u00e7, amb una posterior visita comentada pels comissaris i artistes,\u00a0i es podr\u00e0 visitar fins al 15 de juny de 2025, en diversos horaris:<\/p>\n<p><strong>De mar\u00e7 a maig: <\/strong>dijous i divendres de 17 h a 20 h \/ Dissabtes, diumenges i festius de 10:30 h a 14 h<\/p>\n<p><strong>Juny:<\/strong> dijous i divendres de 17:30 h a 20:30 h \/ Dissabtes, diumenges i festius de 10:30 h a 14 h<\/p>\n","protected":false},"excerpt":{"rendered":"<p>Muxart, Espai d&#8217;Art i Creaci\u00f3 Contemporanis acull l\u2019exposici\u00f3 Art i Paraula, una mostra itinerant d\u2019art contemporani i poesia catalana que &#8230;<\/p>\n","protected":false},"author":2,"featured_media":6490,"comment_status":"closed","ping_status":"open","sticky":false,"template":"","format":"standard","meta":{"footnotes":""},"categories":[14,15,10],"tags":[],"class_list":["post-6489","post","type-post","status-publish","format-standard","has-post-thumbnail","hentry","category-accions-culturals","category-accions-socials","category-activitats"],"_links":{"self":[{"href":"http:\/\/fundaciolluiscoromina.org\/index.php\/wp-json\/wp\/v2\/posts\/6489","targetHints":{"allow":["GET"]}}],"collection":[{"href":"http:\/\/fundaciolluiscoromina.org\/index.php\/wp-json\/wp\/v2\/posts"}],"about":[{"href":"http:\/\/fundaciolluiscoromina.org\/index.php\/wp-json\/wp\/v2\/types\/post"}],"author":[{"embeddable":true,"href":"http:\/\/fundaciolluiscoromina.org\/index.php\/wp-json\/wp\/v2\/users\/2"}],"replies":[{"embeddable":true,"href":"http:\/\/fundaciolluiscoromina.org\/index.php\/wp-json\/wp\/v2\/comments?post=6489"}],"version-history":[{"count":1,"href":"http:\/\/fundaciolluiscoromina.org\/index.php\/wp-json\/wp\/v2\/posts\/6489\/revisions"}],"predecessor-version":[{"id":6920,"href":"http:\/\/fundaciolluiscoromina.org\/index.php\/wp-json\/wp\/v2\/posts\/6489\/revisions\/6920"}],"wp:featuredmedia":[{"embeddable":true,"href":"http:\/\/fundaciolluiscoromina.org\/index.php\/wp-json\/wp\/v2\/media\/6490"}],"wp:attachment":[{"href":"http:\/\/fundaciolluiscoromina.org\/index.php\/wp-json\/wp\/v2\/media?parent=6489"}],"wp:term":[{"taxonomy":"category","embeddable":true,"href":"http:\/\/fundaciolluiscoromina.org\/index.php\/wp-json\/wp\/v2\/categories?post=6489"},{"taxonomy":"post_tag","embeddable":true,"href":"http:\/\/fundaciolluiscoromina.org\/index.php\/wp-json\/wp\/v2\/tags?post=6489"}],"curies":[{"name":"wp","href":"https:\/\/api.w.org\/{rel}","templated":true}]}}