{"id":6500,"date":"2025-03-18T10:35:36","date_gmt":"2025-03-18T09:35:36","guid":{"rendered":"http:\/\/www.fundaciolluiscoromina.org\/?p=6500"},"modified":"2026-09-02T16:50:29","modified_gmt":"2026-09-02T14:50:29","slug":"lescola-del-foment-acull-una-nova-edicio-del-musicant-cultura-un-espai-de-debat-i-reflexio-del-festival-musicant","status":"publish","type":"post","link":"http:\/\/fundaciolluiscoromina.org\/index.php\/2025\/03\/18\/lescola-del-foment-acull-una-nova-edicio-del-musicant-cultura-un-espai-de-debat-i-reflexio-del-festival-musicant\/","title":{"rendered":"L&#8217;Escola d&#8217;El Foment acull una nova edici\u00f3 del &#8216;Musicant Cultura&#8217;, un espai de debat i reflexi\u00f3 del Festival Musicant"},"content":{"rendered":"<div>El pr\u00f2xim dimecres 2 d&#8217;abril, l&#8217;Escola del Foment de Girona acollir\u00e0 una nova edici\u00f3 del <strong><em>Musicant Cultura. <\/em><\/strong>Amb el suport de\u00a0<strong>bonart<\/strong>\u00a0<strong>cultural<\/strong>, la\u00a0<strong>Fundaci\u00f3 Llu\u00eds Coromina Isern<\/strong>\u00a0amb el patrocini de l\u2019<strong>espai cultural El Foment<\/strong>, la xerrada donar\u00e0 visibilitat a m\u00e9s de dues d\u00e8cades de m\u00fasica del pa\u00eds, amenitzada amb intervencions musicals.<\/div>\n<div>\n<p><strong>Albert Bosch<\/strong>, director del Festival;\u00a0<strong>Jordi<\/strong>\u00a0<strong>Novell<\/strong>, cap de projectes del grup Enderrock; i\u00a0<strong>Xavier<\/strong>\u00a0<strong>Castill\u00f3n<\/strong>, periodista cultural del Punt\u00a0Avui, centraran la xerrada en el marc de la m\u00fasica catalana per analitzar l\u2019evoluci\u00f3 i la situaci\u00f3 actual del panorama musical catal\u00e0. Des de punts de vista i opinions tan transversals com la del productor musical, l\u2019artista, o dels mitjans de comunicaci\u00f3. Tamb\u00e9 s\u2019analitzar\u00e0 l\u2019ecosistema dels diferents models de festivals de m\u00fasica que cohabiten a Catalunya, i valorar-ne la repercussi\u00f3 que tenen al territori i en el gran p\u00fablic.<\/p>\n<p>L\u2019acte comptar\u00e0 amb l\u2019actuaci\u00f3 musical del bateria\u00a0<strong>Ramon<\/strong>\u00a0<strong>Prats<\/strong>\u00a0i la veu\u00a0<strong>Vict\u00f2ria<\/strong>\u00a0<strong>Vilalta<\/strong>, per gaudir de la m\u00fasica catalana com a fil conductor de l\u2019acte. Les entrades es poden aconseguir a la <a href=\"http:\/\/www.elfoment.org\">web d&#8217;El Foment<\/a>.<\/p>\n<p><strong>La presentaci\u00f3 de l\u2019edici\u00f3 d\u2019enguany del Festival es dur\u00e0 a terme el pr\u00f2xim 12 d\u2019abril a les 12:00 h a la Sala esportiva del Pavell\u00f3 a Campllong.\u00a0<\/strong>Amb l\u2019actuaci\u00f3 de la\u00a0<strong>JOG<\/strong>\u00a0<strong>(Jove Orquestra del Giron\u00e8s)<\/strong>\u00a0i artistes locals. En finalitzar l\u2019acte hi haur\u00e0 una copa de cava per tothom.<\/p>\n<p><img loading=\"lazy\" decoding=\"async\" class=\"alignnone size-medium wp-image-6506\" src=\"http:\/\/test.fundaciolluiscoromina.org\/wp-content\/uploads\/2025\/03\/foto-Vilalta-negre-300x300.jpg\" alt=\"\" width=\"300\" height=\"300\" srcset=\"http:\/\/fundaciolluiscoromina.org\/wp-content\/uploads\/2025\/03\/foto-Vilalta-negre-300x300.jpg 300w, http:\/\/fundaciolluiscoromina.org\/wp-content\/uploads\/2025\/03\/foto-Vilalta-negre-150x150.jpg 150w, http:\/\/fundaciolluiscoromina.org\/wp-content\/uploads\/2025\/03\/foto-Vilalta-negre.jpg 640w\" sizes=\"auto, (max-width: 300px) 100vw, 300px\" \/> <img loading=\"lazy\" decoding=\"async\" class=\"alignnone size-medium wp-image-6507\" src=\"http:\/\/test.fundaciolluiscoromina.org\/wp-content\/uploads\/2025\/03\/foto-Ramon-negre-300x200.jpg\" alt=\"\" width=\"300\" height=\"200\" srcset=\"http:\/\/fundaciolluiscoromina.org\/wp-content\/uploads\/2025\/03\/foto-Ramon-negre-300x200.jpg 300w, http:\/\/fundaciolluiscoromina.org\/wp-content\/uploads\/2025\/03\/foto-Ramon-negre-1024x682.jpg 1024w, http:\/\/fundaciolluiscoromina.org\/wp-content\/uploads\/2025\/03\/foto-Ramon-negre-768x512.jpg 768w, http:\/\/fundaciolluiscoromina.org\/wp-content\/uploads\/2025\/03\/foto-Ramon-negre.jpg 1181w\" sizes=\"auto, (max-width: 300px) 100vw, 300px\" \/><\/p>\n<\/div>\n","protected":false},"excerpt":{"rendered":"<p>El pr\u00f2xim dimecres 2 d&#8217;abril, l&#8217;Escola del Foment de Girona acollir\u00e0 una nova edici\u00f3 del Musicant Cultura. Amb el suport &#8230;<\/p>\n","protected":false},"author":2,"featured_media":6499,"comment_status":"closed","ping_status":"open","sticky":false,"template":"","format":"standard","meta":{"footnotes":""},"categories":[14,15,10],"tags":[],"class_list":["post-6500","post","type-post","status-publish","format-standard","has-post-thumbnail","hentry","category-accions-culturals","category-accions-socials","category-activitats"],"_links":{"self":[{"href":"http:\/\/fundaciolluiscoromina.org\/index.php\/wp-json\/wp\/v2\/posts\/6500","targetHints":{"allow":["GET"]}}],"collection":[{"href":"http:\/\/fundaciolluiscoromina.org\/index.php\/wp-json\/wp\/v2\/posts"}],"about":[{"href":"http:\/\/fundaciolluiscoromina.org\/index.php\/wp-json\/wp\/v2\/types\/post"}],"author":[{"embeddable":true,"href":"http:\/\/fundaciolluiscoromina.org\/index.php\/wp-json\/wp\/v2\/users\/2"}],"replies":[{"embeddable":true,"href":"http:\/\/fundaciolluiscoromina.org\/index.php\/wp-json\/wp\/v2\/comments?post=6500"}],"version-history":[{"count":1,"href":"http:\/\/fundaciolluiscoromina.org\/index.php\/wp-json\/wp\/v2\/posts\/6500\/revisions"}],"predecessor-version":[{"id":6919,"href":"http:\/\/fundaciolluiscoromina.org\/index.php\/wp-json\/wp\/v2\/posts\/6500\/revisions\/6919"}],"wp:featuredmedia":[{"embeddable":true,"href":"http:\/\/fundaciolluiscoromina.org\/index.php\/wp-json\/wp\/v2\/media\/6499"}],"wp:attachment":[{"href":"http:\/\/fundaciolluiscoromina.org\/index.php\/wp-json\/wp\/v2\/media?parent=6500"}],"wp:term":[{"taxonomy":"category","embeddable":true,"href":"http:\/\/fundaciolluiscoromina.org\/index.php\/wp-json\/wp\/v2\/categories?post=6500"},{"taxonomy":"post_tag","embeddable":true,"href":"http:\/\/fundaciolluiscoromina.org\/index.php\/wp-json\/wp\/v2\/tags?post=6500"}],"curies":[{"name":"wp","href":"https:\/\/api.w.org\/{rel}","templated":true}]}}