{"id":6510,"date":"2025-03-26T10:27:52","date_gmt":"2025-03-26T09:27:52","guid":{"rendered":"http:\/\/www.fundaciolluiscoromina.org\/?p=6510"},"modified":"2026-09-02T16:50:29","modified_gmt":"2026-09-02T14:50:29","slug":"ultims-dies-per-visitar-lexposicio-josep-mias-en-transit-dialeg-amb-david-tremlett-a-lespai-isern-dalmau-de-barcelona","status":"publish","type":"post","link":"http:\/\/fundaciolluiscoromina.org\/index.php\/2025\/03\/26\/ultims-dies-per-visitar-lexposicio-josep-mias-en-transit-dialeg-amb-david-tremlett-a-lespai-isern-dalmau-de-barcelona\/","title":{"rendered":"\u00daltims dies per visitar l\u2019exposici\u00f3 \u2018Josep Mi\u00e0s en tr\u00e0nsit. Di\u00e0leg amb David Tremlett\u2019 a l&#8217;Espai Isern Dalmau de Barcelona"},"content":{"rendered":"<p>El pr\u00f2xim dissabte 29 de mar\u00e7 finalitza l\u2019exposici\u00f3 <em><strong>Josep Mi\u00e0s en tr\u00e0nsit. Di\u00e0leg amb David Tremlett<\/strong>.<\/em> Una mostra de l\u2019Espai Isern Dalmau de Barcelona que gira al voltant de l\u2019obra de Josep Mi\u00e0s i incorpora els dibuixos de l\u2019escultor David Tremlett, en un di\u00e0leg entre els dos artistes que reflecteix les afinitats i semblances formals entre les seves obres.<\/p>\n<p>La mostra presenta una \u00fanica pe\u00e7a met\u00e0l\u00b7lica de gran grand\u00e0ria que crea tensi\u00f3 en l\u2019espai que ocupa, i que \u00e9s el resultat del desenvolupament d\u2019una pe\u00e7a m\u00e9s petita exposada a la Galeria Miguel Marcos. Tamb\u00e9 s\u2019inclouen peces preparat\u00f2ries en porcellana per a aquesta pe\u00e7a central \u00fanica, aix\u00ed com alguns dibuixos.<\/p>\n<p>L\u2019exposici\u00f3 es podr\u00e0 visitar fins aquest dissabte en horari d\u2019obertura de l\u2019Espai Isern Dalmau:<\/p>\n<p>De dimarts a divendres de 17 h a 20 h<br \/>\nDissabte de 10 h a 13 h<\/p>\n","protected":false},"excerpt":{"rendered":"<p>El pr\u00f2xim dissabte 29 de mar\u00e7 finalitza l\u2019exposici\u00f3 Josep Mi\u00e0s en tr\u00e0nsit. Di\u00e0leg amb David Tremlett. Una mostra de l\u2019Espai &#8230;<\/p>\n","protected":false},"author":2,"featured_media":6484,"comment_status":"closed","ping_status":"open","sticky":false,"template":"","format":"standard","meta":{"footnotes":""},"categories":[14,15,10,228],"tags":[],"class_list":["post-6510","post","type-post","status-publish","format-standard","has-post-thumbnail","hentry","category-accions-culturals","category-accions-socials","category-activitats","category-exposicions-espai-isern-dalmau"],"_links":{"self":[{"href":"http:\/\/fundaciolluiscoromina.org\/index.php\/wp-json\/wp\/v2\/posts\/6510","targetHints":{"allow":["GET"]}}],"collection":[{"href":"http:\/\/fundaciolluiscoromina.org\/index.php\/wp-json\/wp\/v2\/posts"}],"about":[{"href":"http:\/\/fundaciolluiscoromina.org\/index.php\/wp-json\/wp\/v2\/types\/post"}],"author":[{"embeddable":true,"href":"http:\/\/fundaciolluiscoromina.org\/index.php\/wp-json\/wp\/v2\/users\/2"}],"replies":[{"embeddable":true,"href":"http:\/\/fundaciolluiscoromina.org\/index.php\/wp-json\/wp\/v2\/comments?post=6510"}],"version-history":[{"count":1,"href":"http:\/\/fundaciolluiscoromina.org\/index.php\/wp-json\/wp\/v2\/posts\/6510\/revisions"}],"predecessor-version":[{"id":6918,"href":"http:\/\/fundaciolluiscoromina.org\/index.php\/wp-json\/wp\/v2\/posts\/6510\/revisions\/6918"}],"wp:featuredmedia":[{"embeddable":true,"href":"http:\/\/fundaciolluiscoromina.org\/index.php\/wp-json\/wp\/v2\/media\/6484"}],"wp:attachment":[{"href":"http:\/\/fundaciolluiscoromina.org\/index.php\/wp-json\/wp\/v2\/media?parent=6510"}],"wp:term":[{"taxonomy":"category","embeddable":true,"href":"http:\/\/fundaciolluiscoromina.org\/index.php\/wp-json\/wp\/v2\/categories?post=6510"},{"taxonomy":"post_tag","embeddable":true,"href":"http:\/\/fundaciolluiscoromina.org\/index.php\/wp-json\/wp\/v2\/tags?post=6510"}],"curies":[{"name":"wp","href":"https:\/\/api.w.org\/{rel}","templated":true}]}}