{"id":6515,"date":"2025-04-04T14:25:18","date_gmt":"2025-04-04T12:25:18","guid":{"rendered":"http:\/\/www.fundaciolluiscoromina.org\/?p=6515"},"modified":"2026-09-02T16:50:29","modified_gmt":"2026-09-02T14:50:29","slug":"lespai-isern-dalmau-acull-la-inauguracio-de-lexposicio-bonartmalart-el-miracle-continua-al-voltant-de-levolucio-de-la-revista-bonart","status":"publish","type":"post","link":"http:\/\/fundaciolluiscoromina.org\/index.php\/2025\/04\/04\/lespai-isern-dalmau-acull-la-inauguracio-de-lexposicio-bonartmalart-el-miracle-continua-al-voltant-de-levolucio-de-la-revista-bonart\/","title":{"rendered":"L\u2019Espai Isern Dalmau acull la inauguraci\u00f3 de l\u2019exposici\u00f3 \u2018Bonart\/Malart: El miracle continua&#8217;, al voltant de l&#8217;evoluci\u00f3 de la revista bonart"},"content":{"rendered":"<p>El pr\u00f2xim dijous 10 d&#8217;abril, a les 19 h, l&#8217;Espai Isern Dalmau de Barcelona acollir\u00e0 la presentaci\u00f3 i inauguraci\u00f3 de l&#8217;exposici\u00f3 <em>Bonart\/Malart: El miracle continua<\/em>. Una mostra que visibilitza l\u2019evoluci\u00f3 de<strong> bonart<\/strong>, una revista nascuda de la passi\u00f3 per l\u2019art i la cultura que ha esdevingut una gestora cultural implicada en projectes que connecten les arts pl\u00e0stiques i visuals amb la societat, que es podr\u00e0 visitar en horari d&#8217;obertura fins al dissabte 31 de maig de 2025.<\/p>\n<p>Des dels seus inicis, la revista ha fet de la tipografia i el disseny gr\u00e0fic un element essencial de la seva identitat, convertint cada edici\u00f3 en un exercici d\u2019experimentaci\u00f3 visual i fent del disseny un llenguatge per definir, innovar i transformar la seva traject\u00f2ria.<\/p>\n<p>Aquesta exposici\u00f3 celebra la identitat visual de bonart i posa en relleu el seu impacte en la creaci\u00f3 art\u00edstica, alhora que reafirma el seu comprom\u00eds amb l\u2019art com a eina de canvi i preservaci\u00f3 cultural. La mostra sota la curadoria de Ricard Planas Camps i Nora Barnach Escart\u00edn, exhibeix obres originals que han estat portada de bonart d\u2019autors com Jaume Plensa, Cesc Abad, Josep Mi\u00e0s, Francesc Guillamet o Eugenio Ampudia.<\/p>\n<p>\u00a0<\/p>\n\n\n<figure class=\"wp-block-gallery has-nested-images columns-default wp-block-gallery-1 is-layout-flex wp-block-gallery-is-layout-flex\">\n<figure class=\"wp-block-image size-large\"><img loading=\"lazy\" decoding=\"async\" width=\"1024\" height=\"683\" data-id=\"6606\" src=\"https:\/\/test.fundaciolluiscoromina.org\/wp-content\/uploads\/2025\/04\/In-expo-Bonart-Malart-P15-1024x683.jpg\" alt=\"\" class=\"wp-image-6606\" srcset=\"http:\/\/fundaciolluiscoromina.org\/wp-content\/uploads\/2025\/04\/In-expo-Bonart-Malart-P15-1024x683.jpg 1024w, http:\/\/fundaciolluiscoromina.org\/wp-content\/uploads\/2025\/04\/In-expo-Bonart-Malart-P15-300x200.jpg 300w, http:\/\/fundaciolluiscoromina.org\/wp-content\/uploads\/2025\/04\/In-expo-Bonart-Malart-P15-768x512.jpg 768w, http:\/\/fundaciolluiscoromina.org\/wp-content\/uploads\/2025\/04\/In-expo-Bonart-Malart-P15-1536x1024.jpg 1536w, http:\/\/fundaciolluiscoromina.org\/wp-content\/uploads\/2025\/04\/In-expo-Bonart-Malart-P15-2048x1365.jpg 2048w\" sizes=\"auto, (max-width: 1024px) 100vw, 1024px\" \/><\/figure>\n\n\n\n<figure class=\"wp-block-image size-large\"><img loading=\"lazy\" decoding=\"async\" width=\"1024\" height=\"683\" data-id=\"6605\" src=\"https:\/\/test.fundaciolluiscoromina.org\/wp-content\/uploads\/2025\/04\/In-expo-Bonart-Malart-P14-1024x683.jpg\" alt=\"\" class=\"wp-image-6605\" srcset=\"http:\/\/fundaciolluiscoromina.org\/wp-content\/uploads\/2025\/04\/In-expo-Bonart-Malart-P14-1024x683.jpg 1024w, http:\/\/fundaciolluiscoromina.org\/wp-content\/uploads\/2025\/04\/In-expo-Bonart-Malart-P14-300x200.jpg 300w, http:\/\/fundaciolluiscoromina.org\/wp-content\/uploads\/2025\/04\/In-expo-Bonart-Malart-P14-768x512.jpg 768w, http:\/\/fundaciolluiscoromina.org\/wp-content\/uploads\/2025\/04\/In-expo-Bonart-Malart-P14-1536x1024.jpg 1536w, http:\/\/fundaciolluiscoromina.org\/wp-content\/uploads\/2025\/04\/In-expo-Bonart-Malart-P14-2048x1365.jpg 2048w\" sizes=\"auto, (max-width: 1024px) 100vw, 1024px\" \/><\/figure>\n\n\n\n<figure class=\"wp-block-image size-large\"><img loading=\"lazy\" decoding=\"async\" width=\"1024\" height=\"683\" data-id=\"6603\" src=\"https:\/\/test.fundaciolluiscoromina.org\/wp-content\/uploads\/2025\/04\/In-expo-Bonart-Malart-P13-1024x683.jpg\" alt=\"\" class=\"wp-image-6603\" srcset=\"http:\/\/fundaciolluiscoromina.org\/wp-content\/uploads\/2025\/04\/In-expo-Bonart-Malart-P13-1024x683.jpg 1024w, http:\/\/fundaciolluiscoromina.org\/wp-content\/uploads\/2025\/04\/In-expo-Bonart-Malart-P13-300x200.jpg 300w, http:\/\/fundaciolluiscoromina.org\/wp-content\/uploads\/2025\/04\/In-expo-Bonart-Malart-P13-768x512.jpg 768w, http:\/\/fundaciolluiscoromina.org\/wp-content\/uploads\/2025\/04\/In-expo-Bonart-Malart-P13-1536x1024.jpg 1536w, http:\/\/fundaciolluiscoromina.org\/wp-content\/uploads\/2025\/04\/In-expo-Bonart-Malart-P13-2048x1365.jpg 2048w\" sizes=\"auto, (max-width: 1024px) 100vw, 1024px\" \/><\/figure>\n\n\n\n<figure class=\"wp-block-image size-large\"><img loading=\"lazy\" decoding=\"async\" width=\"1024\" height=\"683\" data-id=\"6602\" src=\"https:\/\/test.fundaciolluiscoromina.org\/wp-content\/uploads\/2025\/04\/In-expo-Bonart-Malart-P12-1024x683.jpg\" alt=\"\" class=\"wp-image-6602\" srcset=\"http:\/\/fundaciolluiscoromina.org\/wp-content\/uploads\/2025\/04\/In-expo-Bonart-Malart-P12-1024x683.jpg 1024w, http:\/\/fundaciolluiscoromina.org\/wp-content\/uploads\/2025\/04\/In-expo-Bonart-Malart-P12-300x200.jpg 300w, http:\/\/fundaciolluiscoromina.org\/wp-content\/uploads\/2025\/04\/In-expo-Bonart-Malart-P12-768x512.jpg 768w, http:\/\/fundaciolluiscoromina.org\/wp-content\/uploads\/2025\/04\/In-expo-Bonart-Malart-P12-1536x1024.jpg 1536w, http:\/\/fundaciolluiscoromina.org\/wp-content\/uploads\/2025\/04\/In-expo-Bonart-Malart-P12-2048x1365.jpg 2048w\" sizes=\"auto, (max-width: 1024px) 100vw, 1024px\" \/><\/figure>\n\n\n\n<figure class=\"wp-block-image size-large\"><img loading=\"lazy\" decoding=\"async\" width=\"1024\" height=\"683\" data-id=\"6601\" src=\"https:\/\/test.fundaciolluiscoromina.org\/wp-content\/uploads\/2025\/04\/In-expo-Bonart-Malart-P11-1024x683.jpg\" alt=\"\" class=\"wp-image-6601\" srcset=\"http:\/\/fundaciolluiscoromina.org\/wp-content\/uploads\/2025\/04\/In-expo-Bonart-Malart-P11-1024x683.jpg 1024w, http:\/\/fundaciolluiscoromina.org\/wp-content\/uploads\/2025\/04\/In-expo-Bonart-Malart-P11-300x200.jpg 300w, http:\/\/fundaciolluiscoromina.org\/wp-content\/uploads\/2025\/04\/In-expo-Bonart-Malart-P11-768x512.jpg 768w, http:\/\/fundaciolluiscoromina.org\/wp-content\/uploads\/2025\/04\/In-expo-Bonart-Malart-P11-1536x1024.jpg 1536w, http:\/\/fundaciolluiscoromina.org\/wp-content\/uploads\/2025\/04\/In-expo-Bonart-Malart-P11-2048x1365.jpg 2048w\" sizes=\"auto, (max-width: 1024px) 100vw, 1024px\" \/><\/figure>\n\n\n\n<figure class=\"wp-block-image size-large\"><img loading=\"lazy\" decoding=\"async\" width=\"1024\" height=\"683\" data-id=\"6598\" src=\"https:\/\/test.fundaciolluiscoromina.org\/wp-content\/uploads\/2025\/04\/In-expo-Bonart-Malart-P9-1024x683.jpg\" alt=\"\" class=\"wp-image-6598\" srcset=\"http:\/\/fundaciolluiscoromina.org\/wp-content\/uploads\/2025\/04\/In-expo-Bonart-Malart-P9-1024x683.jpg 1024w, http:\/\/fundaciolluiscoromina.org\/wp-content\/uploads\/2025\/04\/In-expo-Bonart-Malart-P9-300x200.jpg 300w, http:\/\/fundaciolluiscoromina.org\/wp-content\/uploads\/2025\/04\/In-expo-Bonart-Malart-P9-768x512.jpg 768w, http:\/\/fundaciolluiscoromina.org\/wp-content\/uploads\/2025\/04\/In-expo-Bonart-Malart-P9-1536x1024.jpg 1536w, http:\/\/fundaciolluiscoromina.org\/wp-content\/uploads\/2025\/04\/In-expo-Bonart-Malart-P9-2048x1365.jpg 2048w\" sizes=\"auto, (max-width: 1024px) 100vw, 1024px\" \/><\/figure>\n\n\n\n<figure class=\"wp-block-image size-large\"><img loading=\"lazy\" decoding=\"async\" width=\"1024\" height=\"683\" data-id=\"6596\" src=\"https:\/\/test.fundaciolluiscoromina.org\/wp-content\/uploads\/2025\/04\/In-expo-Bonart-Malart-P8-1024x683.jpg\" alt=\"\" class=\"wp-image-6596\" srcset=\"http:\/\/fundaciolluiscoromina.org\/wp-content\/uploads\/2025\/04\/In-expo-Bonart-Malart-P8-1024x683.jpg 1024w, http:\/\/fundaciolluiscoromina.org\/wp-content\/uploads\/2025\/04\/In-expo-Bonart-Malart-P8-300x200.jpg 300w, http:\/\/fundaciolluiscoromina.org\/wp-content\/uploads\/2025\/04\/In-expo-Bonart-Malart-P8-768x512.jpg 768w, http:\/\/fundaciolluiscoromina.org\/wp-content\/uploads\/2025\/04\/In-expo-Bonart-Malart-P8-1536x1024.jpg 1536w, http:\/\/fundaciolluiscoromina.org\/wp-content\/uploads\/2025\/04\/In-expo-Bonart-Malart-P8-2048x1365.jpg 2048w\" sizes=\"auto, (max-width: 1024px) 100vw, 1024px\" \/><\/figure>\n\n\n\n<figure class=\"wp-block-image size-large\"><img loading=\"lazy\" decoding=\"async\" width=\"1024\" height=\"683\" data-id=\"6594\" src=\"https:\/\/test.fundaciolluiscoromina.org\/wp-content\/uploads\/2025\/04\/In-expo-Bonart-Malart-P7-1024x683.jpg\" alt=\"\" class=\"wp-image-6594\" srcset=\"http:\/\/fundaciolluiscoromina.org\/wp-content\/uploads\/2025\/04\/In-expo-Bonart-Malart-P7-1024x683.jpg 1024w, http:\/\/fundaciolluiscoromina.org\/wp-content\/uploads\/2025\/04\/In-expo-Bonart-Malart-P7-300x200.jpg 300w, http:\/\/fundaciolluiscoromina.org\/wp-content\/uploads\/2025\/04\/In-expo-Bonart-Malart-P7-768x512.jpg 768w, http:\/\/fundaciolluiscoromina.org\/wp-content\/uploads\/2025\/04\/In-expo-Bonart-Malart-P7-1536x1024.jpg 1536w, http:\/\/fundaciolluiscoromina.org\/wp-content\/uploads\/2025\/04\/In-expo-Bonart-Malart-P7-2048x1365.jpg 2048w\" sizes=\"auto, (max-width: 1024px) 100vw, 1024px\" \/><\/figure>\n\n\n\n<figure class=\"wp-block-image size-large\"><img loading=\"lazy\" decoding=\"async\" width=\"1024\" height=\"683\" data-id=\"6593\" src=\"https:\/\/test.fundaciolluiscoromina.org\/wp-content\/uploads\/2025\/04\/In-expo-Bonart-Malart-P6-1024x683.jpg\" alt=\"\" class=\"wp-image-6593\" srcset=\"http:\/\/fundaciolluiscoromina.org\/wp-content\/uploads\/2025\/04\/In-expo-Bonart-Malart-P6-1024x683.jpg 1024w, http:\/\/fundaciolluiscoromina.org\/wp-content\/uploads\/2025\/04\/In-expo-Bonart-Malart-P6-300x200.jpg 300w, http:\/\/fundaciolluiscoromina.org\/wp-content\/uploads\/2025\/04\/In-expo-Bonart-Malart-P6-768x512.jpg 768w, http:\/\/fundaciolluiscoromina.org\/wp-content\/uploads\/2025\/04\/In-expo-Bonart-Malart-P6-1536x1024.jpg 1536w, http:\/\/fundaciolluiscoromina.org\/wp-content\/uploads\/2025\/04\/In-expo-Bonart-Malart-P6-2048x1365.jpg 2048w\" sizes=\"auto, (max-width: 1024px) 100vw, 1024px\" \/><\/figure>\n\n\n\n<figure class=\"wp-block-image size-large\"><img loading=\"lazy\" decoding=\"async\" width=\"1024\" height=\"683\" data-id=\"6591\" src=\"https:\/\/test.fundaciolluiscoromina.org\/wp-content\/uploads\/2025\/04\/In-expo-Bonart-Malart-P5-1024x683.jpg\" alt=\"\" class=\"wp-image-6591\" srcset=\"http:\/\/fundaciolluiscoromina.org\/wp-content\/uploads\/2025\/04\/In-expo-Bonart-Malart-P5-1024x683.jpg 1024w, http:\/\/fundaciolluiscoromina.org\/wp-content\/uploads\/2025\/04\/In-expo-Bonart-Malart-P5-300x200.jpg 300w, http:\/\/fundaciolluiscoromina.org\/wp-content\/uploads\/2025\/04\/In-expo-Bonart-Malart-P5-768x512.jpg 768w, http:\/\/fundaciolluiscoromina.org\/wp-content\/uploads\/2025\/04\/In-expo-Bonart-Malart-P5-1536x1024.jpg 1536w, http:\/\/fundaciolluiscoromina.org\/wp-content\/uploads\/2025\/04\/In-expo-Bonart-Malart-P5-2048x1365.jpg 2048w\" sizes=\"auto, (max-width: 1024px) 100vw, 1024px\" \/><\/figure>\n\n\n\n<figure class=\"wp-block-image size-large\"><img loading=\"lazy\" decoding=\"async\" width=\"1024\" height=\"683\" data-id=\"6590\" src=\"https:\/\/test.fundaciolluiscoromina.org\/wp-content\/uploads\/2025\/04\/In-expo-Bonart-Malart-P4-1024x683.jpg\" alt=\"\" class=\"wp-image-6590\" srcset=\"http:\/\/fundaciolluiscoromina.org\/wp-content\/uploads\/2025\/04\/In-expo-Bonart-Malart-P4-1024x683.jpg 1024w, http:\/\/fundaciolluiscoromina.org\/wp-content\/uploads\/2025\/04\/In-expo-Bonart-Malart-P4-300x200.jpg 300w, http:\/\/fundaciolluiscoromina.org\/wp-content\/uploads\/2025\/04\/In-expo-Bonart-Malart-P4-768x512.jpg 768w, http:\/\/fundaciolluiscoromina.org\/wp-content\/uploads\/2025\/04\/In-expo-Bonart-Malart-P4-1536x1024.jpg 1536w, http:\/\/fundaciolluiscoromina.org\/wp-content\/uploads\/2025\/04\/In-expo-Bonart-Malart-P4-2048x1365.jpg 2048w\" sizes=\"auto, (max-width: 1024px) 100vw, 1024px\" \/><\/figure>\n\n\n\n<figure class=\"wp-block-image size-large\"><img loading=\"lazy\" decoding=\"async\" width=\"1024\" height=\"683\" data-id=\"6573\" src=\"https:\/\/test.fundaciolluiscoromina.org\/wp-content\/uploads\/2025\/04\/In-expo-Bonart-Malart-P3-1024x683.jpg\" alt=\"\" class=\"wp-image-6573\" srcset=\"http:\/\/fundaciolluiscoromina.org\/wp-content\/uploads\/2025\/04\/In-expo-Bonart-Malart-P3-1024x683.jpg 1024w, http:\/\/fundaciolluiscoromina.org\/wp-content\/uploads\/2025\/04\/In-expo-Bonart-Malart-P3-300x200.jpg 300w, http:\/\/fundaciolluiscoromina.org\/wp-content\/uploads\/2025\/04\/In-expo-Bonart-Malart-P3-768x512.jpg 768w, http:\/\/fundaciolluiscoromina.org\/wp-content\/uploads\/2025\/04\/In-expo-Bonart-Malart-P3-1536x1024.jpg 1536w, http:\/\/fundaciolluiscoromina.org\/wp-content\/uploads\/2025\/04\/In-expo-Bonart-Malart-P3-2048x1365.jpg 2048w\" sizes=\"auto, (max-width: 1024px) 100vw, 1024px\" \/><\/figure>\n\n\n\n<figure class=\"wp-block-image size-large\"><img loading=\"lazy\" decoding=\"async\" width=\"1024\" height=\"683\" data-id=\"6589\" src=\"https:\/\/test.fundaciolluiscoromina.org\/wp-content\/uploads\/2025\/04\/In-expo-Bonart-Malart-P2-1024x683.jpg\" alt=\"\" class=\"wp-image-6589\" srcset=\"http:\/\/fundaciolluiscoromina.org\/wp-content\/uploads\/2025\/04\/In-expo-Bonart-Malart-P2-1024x683.jpg 1024w, http:\/\/fundaciolluiscoromina.org\/wp-content\/uploads\/2025\/04\/In-expo-Bonart-Malart-P2-300x200.jpg 300w, http:\/\/fundaciolluiscoromina.org\/wp-content\/uploads\/2025\/04\/In-expo-Bonart-Malart-P2-768x512.jpg 768w, http:\/\/fundaciolluiscoromina.org\/wp-content\/uploads\/2025\/04\/In-expo-Bonart-Malart-P2-1536x1024.jpg 1536w, http:\/\/fundaciolluiscoromina.org\/wp-content\/uploads\/2025\/04\/In-expo-Bonart-Malart-P2-2048x1365.jpg 2048w\" sizes=\"auto, (max-width: 1024px) 100vw, 1024px\" \/><\/figure>\n\n\n\n<figure class=\"wp-block-image size-large\"><img loading=\"lazy\" decoding=\"async\" width=\"1024\" height=\"683\" data-id=\"6588\" src=\"https:\/\/test.fundaciolluiscoromina.org\/wp-content\/uploads\/2025\/04\/In-expo-Bonart-Malart-P1-1024x683.jpg\" alt=\"\" class=\"wp-image-6588\" srcset=\"http:\/\/fundaciolluiscoromina.org\/wp-content\/uploads\/2025\/04\/In-expo-Bonart-Malart-P1-1024x683.jpg 1024w, http:\/\/fundaciolluiscoromina.org\/wp-content\/uploads\/2025\/04\/In-expo-Bonart-Malart-P1-300x200.jpg 300w, http:\/\/fundaciolluiscoromina.org\/wp-content\/uploads\/2025\/04\/In-expo-Bonart-Malart-P1-768x512.jpg 768w, http:\/\/fundaciolluiscoromina.org\/wp-content\/uploads\/2025\/04\/In-expo-Bonart-Malart-P1-1536x1024.jpg 1536w, http:\/\/fundaciolluiscoromina.org\/wp-content\/uploads\/2025\/04\/In-expo-Bonart-Malart-P1-2048x1365.jpg 2048w\" sizes=\"auto, (max-width: 1024px) 100vw, 1024px\" \/><\/figure>\n<\/figure>\n\n\n\n<p class=\"wp-block-paragraph\"><\/p>\n","protected":false},"excerpt":{"rendered":"<p>El pr\u00f2xim dijous 10 d&#8217;abril, a les 19 h, l&#8217;Espai Isern Dalmau de Barcelona acollir\u00e0 la presentaci\u00f3 i inauguraci\u00f3 de &#8230;<\/p>\n","protected":false},"author":2,"featured_media":6588,"comment_status":"closed","ping_status":"open","sticky":false,"template":"","format":"standard","meta":{"footnotes":""},"categories":[14,15,10,259,228],"tags":[],"class_list":["post-6515","post","type-post","status-publish","format-standard","has-post-thumbnail","hentry","category-accions-culturals","category-accions-socials","category-activitats","category-exposicio-actual","category-exposicions-espai-isern-dalmau"],"_links":{"self":[{"href":"http:\/\/fundaciolluiscoromina.org\/index.php\/wp-json\/wp\/v2\/posts\/6515","targetHints":{"allow":["GET"]}}],"collection":[{"href":"http:\/\/fundaciolluiscoromina.org\/index.php\/wp-json\/wp\/v2\/posts"}],"about":[{"href":"http:\/\/fundaciolluiscoromina.org\/index.php\/wp-json\/wp\/v2\/types\/post"}],"author":[{"embeddable":true,"href":"http:\/\/fundaciolluiscoromina.org\/index.php\/wp-json\/wp\/v2\/users\/2"}],"replies":[{"embeddable":true,"href":"http:\/\/fundaciolluiscoromina.org\/index.php\/wp-json\/wp\/v2\/comments?post=6515"}],"version-history":[{"count":3,"href":"http:\/\/fundaciolluiscoromina.org\/index.php\/wp-json\/wp\/v2\/posts\/6515\/revisions"}],"predecessor-version":[{"id":7547,"href":"http:\/\/fundaciolluiscoromina.org\/index.php\/wp-json\/wp\/v2\/posts\/6515\/revisions\/7547"}],"wp:featuredmedia":[{"embeddable":true,"href":"http:\/\/fundaciolluiscoromina.org\/index.php\/wp-json\/wp\/v2\/media\/6588"}],"wp:attachment":[{"href":"http:\/\/fundaciolluiscoromina.org\/index.php\/wp-json\/wp\/v2\/media?parent=6515"}],"wp:term":[{"taxonomy":"category","embeddable":true,"href":"http:\/\/fundaciolluiscoromina.org\/index.php\/wp-json\/wp\/v2\/categories?post=6515"},{"taxonomy":"post_tag","embeddable":true,"href":"http:\/\/fundaciolluiscoromina.org\/index.php\/wp-json\/wp\/v2\/tags?post=6515"}],"curies":[{"name":"wp","href":"https:\/\/api.w.org\/{rel}","templated":true}]}}