{"id":6520,"date":"2025-05-06T10:46:50","date_gmt":"2025-05-06T08:46:50","guid":{"rendered":"http:\/\/www.fundaciolluiscoromina.org\/?p=6520"},"modified":"2026-09-02T16:50:29","modified_gmt":"2026-09-02T14:50:29","slug":"lespai-eat-art-de-banyoles-acull-la-inauguracio-de-lexposicio-edusport-360-una-mirada-artistica","status":"publish","type":"post","link":"http:\/\/fundaciolluiscoromina.org\/index.php\/2025\/05\/06\/lespai-eat-art-de-banyoles-acull-la-inauguracio-de-lexposicio-edusport-360-una-mirada-artistica\/","title":{"rendered":"L&#8217;Espai Eat Art de Banyoles acull la inauguraci\u00f3 de l&#8217;exposici\u00f3 &#8216;Edusport 360: Una mirada Art\u00edstica&#8217;"},"content":{"rendered":"<p>El pr\u00f2xim dilluns 12 de maig, a les 18 h, l&#8217;Espai Eat Art de Banyoles acollir\u00e0 la inauguraci\u00f3 de l&#8217;exposici\u00f3 <em>Edusport 360: Una mirada Art\u00edstica.\u00a0<\/em>Una mostra impulsada pel Consell Esportiu del Pla de l\u2019Estany, un col.lectiu format per mestres d\u2019educaci\u00f3 f\u00edsica dels centres educatius i artistes de la comarca.<\/p>\n<p>Amb una mirada infantil, aquesta exposici\u00f3 ens redescobreix l&#8217;esport des del llenguatge de l&#8217;art. Una obra col\u00b7lectiva rica i diversa que inclou el conjunt de treballs art\u00edstics del Concurs Cultural Esportiu del Pla de l\u2019Estany, que cada curs proposa una modalitat i tem\u00e0tica art\u00edstica al voltant de la cultura i l&#8217;esport.<\/p>\n","protected":false},"excerpt":{"rendered":"<p>El pr\u00f2xim dilluns 12 de maig, a les 18 h, l&#8217;Espai Eat Art de Banyoles acollir\u00e0 la inauguraci\u00f3 de l&#8217;exposici\u00f3 &#8230;<\/p>\n","protected":false},"author":2,"featured_media":6521,"comment_status":"closed","ping_status":"open","sticky":false,"template":"","format":"standard","meta":{"footnotes":""},"categories":[14,10,11,17],"tags":[],"class_list":["post-6520","post","type-post","status-publish","format-standard","has-post-thumbnail","hentry","category-accions-culturals","category-activitats","category-educacio-2","category-exposicions-espai-eat-art"],"_links":{"self":[{"href":"http:\/\/fundaciolluiscoromina.org\/index.php\/wp-json\/wp\/v2\/posts\/6520","targetHints":{"allow":["GET"]}}],"collection":[{"href":"http:\/\/fundaciolluiscoromina.org\/index.php\/wp-json\/wp\/v2\/posts"}],"about":[{"href":"http:\/\/fundaciolluiscoromina.org\/index.php\/wp-json\/wp\/v2\/types\/post"}],"author":[{"embeddable":true,"href":"http:\/\/fundaciolluiscoromina.org\/index.php\/wp-json\/wp\/v2\/users\/2"}],"replies":[{"embeddable":true,"href":"http:\/\/fundaciolluiscoromina.org\/index.php\/wp-json\/wp\/v2\/comments?post=6520"}],"version-history":[{"count":1,"href":"http:\/\/fundaciolluiscoromina.org\/index.php\/wp-json\/wp\/v2\/posts\/6520\/revisions"}],"predecessor-version":[{"id":6916,"href":"http:\/\/fundaciolluiscoromina.org\/index.php\/wp-json\/wp\/v2\/posts\/6520\/revisions\/6916"}],"wp:featuredmedia":[{"embeddable":true,"href":"http:\/\/fundaciolluiscoromina.org\/index.php\/wp-json\/wp\/v2\/media\/6521"}],"wp:attachment":[{"href":"http:\/\/fundaciolluiscoromina.org\/index.php\/wp-json\/wp\/v2\/media?parent=6520"}],"wp:term":[{"taxonomy":"category","embeddable":true,"href":"http:\/\/fundaciolluiscoromina.org\/index.php\/wp-json\/wp\/v2\/categories?post=6520"},{"taxonomy":"post_tag","embeddable":true,"href":"http:\/\/fundaciolluiscoromina.org\/index.php\/wp-json\/wp\/v2\/tags?post=6520"}],"curies":[{"name":"wp","href":"https:\/\/api.w.org\/{rel}","templated":true}]}}