{"id":6533,"date":"2025-05-27T13:47:46","date_gmt":"2025-05-27T11:47:46","guid":{"rendered":"http:\/\/www.fundaciolluiscoromina.org\/?p=6533"},"modified":"2026-09-02T16:50:29","modified_gmt":"2026-09-02T14:50:29","slug":"el-femjazz-arriba-a-lespai-eat-art-amb-la-projeccio-del-documental-de-the-gramophone-allstars-i-el-concert-de-free-art-three","status":"publish","type":"post","link":"http:\/\/fundaciolluiscoromina.org\/index.php\/2025\/05\/27\/el-femjazz-arriba-a-lespai-eat-art-amb-la-projeccio-del-documental-de-the-gramophone-allstars-i-el-concert-de-free-art-three\/","title":{"rendered":"El FEMJazz! arriba a l&#8217;Espai Eat Art amb la projecci\u00f3 del documental de The Gramophone Allstars i el concert de Free Art Three"},"content":{"rendered":"<p>Aquesta setmana, l&#8217;Espai Eat Art de Banyoles acollir\u00e0 dues activitats en el marc de la nova edici\u00f3 del FEMJazz!. La primera tindr\u00e0 lloc\u00a0el dijous 29 de maig a les 20 h, amb la projecci\u00f3 del documental <em>Posa una big band a la teva vida<\/em> i el col\u00b7loqui posterior, que s&#8217;endinsar\u00e0 en la hist\u00f2ria del projecte The Gramophone Allstars.\u00a0L&#8217;endem\u00e0, a la mateixa hora, ser\u00e0 el torn del concert de Free Art Three, un trio de trompetistes trepidants format per Iv\u00e1n Gonz\u00e1lez, Pol Padr\u00f3s i Juli\u00e1n S\u00e1nchez.<\/p>\n<p>Organitzat pel Taller de M\u00fasica de Banyoles, el FEMJazz! va n\u00e9ixer el 1994, quan un grup de joves professors de m\u00fasica, que havien creat aquesta escola de m\u00fasica moderna, van decidir muntar un festival.<\/p>\n<h4><\/h4>\n<h2><\/h2>\n<article id=\"main\">\n<section class=\"wrapper style5\">\n<div class=\"inner\">\n<div class=\"table-wrapper\">\n<table class=\"alt\" style=\"height: 5px;\" width=\"78\">\n<tbody>\n<tr>\n<td><\/td>\n<\/tr>\n<\/tbody>\n<\/table>\n<\/div>\n<\/div>\n<\/section>\n<\/article>\n","protected":false},"excerpt":{"rendered":"<p>Aquesta setmana, l&#8217;Espai Eat Art de Banyoles acollir\u00e0 dues activitats en el marc de la nova edici\u00f3 del FEMJazz!. La &#8230;<\/p>\n","protected":false},"author":2,"featured_media":6534,"comment_status":"closed","ping_status":"open","sticky":false,"template":"","format":"standard","meta":{"footnotes":""},"categories":[14,10],"tags":[],"class_list":["post-6533","post","type-post","status-publish","format-standard","has-post-thumbnail","hentry","category-accions-culturals","category-activitats"],"_links":{"self":[{"href":"http:\/\/fundaciolluiscoromina.org\/index.php\/wp-json\/wp\/v2\/posts\/6533","targetHints":{"allow":["GET"]}}],"collection":[{"href":"http:\/\/fundaciolluiscoromina.org\/index.php\/wp-json\/wp\/v2\/posts"}],"about":[{"href":"http:\/\/fundaciolluiscoromina.org\/index.php\/wp-json\/wp\/v2\/types\/post"}],"author":[{"embeddable":true,"href":"http:\/\/fundaciolluiscoromina.org\/index.php\/wp-json\/wp\/v2\/users\/2"}],"replies":[{"embeddable":true,"href":"http:\/\/fundaciolluiscoromina.org\/index.php\/wp-json\/wp\/v2\/comments?post=6533"}],"version-history":[{"count":1,"href":"http:\/\/fundaciolluiscoromina.org\/index.php\/wp-json\/wp\/v2\/posts\/6533\/revisions"}],"predecessor-version":[{"id":6915,"href":"http:\/\/fundaciolluiscoromina.org\/index.php\/wp-json\/wp\/v2\/posts\/6533\/revisions\/6915"}],"wp:featuredmedia":[{"embeddable":true,"href":"http:\/\/fundaciolluiscoromina.org\/index.php\/wp-json\/wp\/v2\/media\/6534"}],"wp:attachment":[{"href":"http:\/\/fundaciolluiscoromina.org\/index.php\/wp-json\/wp\/v2\/media?parent=6533"}],"wp:term":[{"taxonomy":"category","embeddable":true,"href":"http:\/\/fundaciolluiscoromina.org\/index.php\/wp-json\/wp\/v2\/categories?post=6533"},{"taxonomy":"post_tag","embeddable":true,"href":"http:\/\/fundaciolluiscoromina.org\/index.php\/wp-json\/wp\/v2\/tags?post=6533"}],"curies":[{"name":"wp","href":"https:\/\/api.w.org\/{rel}","templated":true}]}}