{"id":6537,"date":"2025-05-29T14:33:55","date_gmt":"2025-05-29T12:33:55","guid":{"rendered":"http:\/\/www.fundaciolluiscoromina.org\/?p=6537"},"modified":"2026-09-02T16:50:29","modified_gmt":"2026-09-02T14:50:29","slug":"lluis-coromina-isern-guardonat-als-premis-gac-2025-per-la-seva-tasca-com-a-colleccionista","status":"publish","type":"post","link":"http:\/\/fundaciolluiscoromina.org\/index.php\/2025\/05\/29\/lluis-coromina-isern-guardonat-als-premis-gac-2025-per-la-seva-tasca-com-a-colleccionista\/","title":{"rendered":"Llu\u00eds Coromina Isern, guardonat als Premis GAC 2025 per la seva tasca com a col\u00b7leccionista"},"content":{"rendered":"<p data-start=\"134\" data-end=\"718\">En la Nit del Galerisme, que va tenir lloc el passat dimarts 27 de maig al Magba de Barcelona, els <strong>Premis GAC<\/strong> van recon\u00e8ixer diverses traject\u00f2ries destacades de l\u2019art contemporani catal\u00e0. Un dels guardons va ser per a <strong>Llu\u00eds Coromina Isern<\/strong>, en reconeixement a la seva tasca com a col\u00b7leccionista, un premi que va acceptar en el seu nom el director de la Fundaci\u00f3 Llu\u00eds Coromina Isern, Ricard Planas, qui .\u00a0Aquesta distinci\u00f3 no nom\u00e9s posa en valor la seva col\u00b7lecci\u00f3, sin\u00f3 tamb\u00e9 l\u2019ecosistema art\u00edstic i cultural que ha sabut generar al seu voltant \u2014des de la Fundaci\u00f3 Llu\u00eds Coromina Isern fins al centre expositiu multidisciplinari que impulsa a Barcelona, concebut com un punt de trobada per a creadors i agents culturals.<\/p>\n<p data-start=\"720\" data-end=\"912\">En la seva divuitena edici\u00f3, els Premis GAC tamb\u00e9 han reconegut figures com Eug\u00e8nia Balcells, Pilar Parcerisas, Miquel Alzueta, la baronessa Thyssen i la galeria Marc Dom\u00e8nech, entre d\u2019altres.<\/p>\n","protected":false},"excerpt":{"rendered":"<p>En la Nit del Galerisme, que va tenir lloc el passat dimarts 27 de maig al Magba de Barcelona, els &#8230;<\/p>\n","protected":false},"author":2,"featured_media":6538,"comment_status":"closed","ping_status":"open","sticky":false,"template":"","format":"standard","meta":{"footnotes":""},"categories":[14,15,10],"tags":[],"class_list":["post-6537","post","type-post","status-publish","format-standard","has-post-thumbnail","hentry","category-accions-culturals","category-accions-socials","category-activitats"],"_links":{"self":[{"href":"http:\/\/fundaciolluiscoromina.org\/index.php\/wp-json\/wp\/v2\/posts\/6537","targetHints":{"allow":["GET"]}}],"collection":[{"href":"http:\/\/fundaciolluiscoromina.org\/index.php\/wp-json\/wp\/v2\/posts"}],"about":[{"href":"http:\/\/fundaciolluiscoromina.org\/index.php\/wp-json\/wp\/v2\/types\/post"}],"author":[{"embeddable":true,"href":"http:\/\/fundaciolluiscoromina.org\/index.php\/wp-json\/wp\/v2\/users\/2"}],"replies":[{"embeddable":true,"href":"http:\/\/fundaciolluiscoromina.org\/index.php\/wp-json\/wp\/v2\/comments?post=6537"}],"version-history":[{"count":1,"href":"http:\/\/fundaciolluiscoromina.org\/index.php\/wp-json\/wp\/v2\/posts\/6537\/revisions"}],"predecessor-version":[{"id":6914,"href":"http:\/\/fundaciolluiscoromina.org\/index.php\/wp-json\/wp\/v2\/posts\/6537\/revisions\/6914"}],"wp:featuredmedia":[{"embeddable":true,"href":"http:\/\/fundaciolluiscoromina.org\/index.php\/wp-json\/wp\/v2\/media\/6538"}],"wp:attachment":[{"href":"http:\/\/fundaciolluiscoromina.org\/index.php\/wp-json\/wp\/v2\/media?parent=6537"}],"wp:term":[{"taxonomy":"category","embeddable":true,"href":"http:\/\/fundaciolluiscoromina.org\/index.php\/wp-json\/wp\/v2\/categories?post=6537"},{"taxonomy":"post_tag","embeddable":true,"href":"http:\/\/fundaciolluiscoromina.org\/index.php\/wp-json\/wp\/v2\/tags?post=6537"}],"curies":[{"name":"wp","href":"https:\/\/api.w.org\/{rel}","templated":true}]}}