{"id":6546,"date":"2025-06-13T12:16:41","date_gmt":"2025-06-13T10:16:41","guid":{"rendered":"http:\/\/www.fundaciolluiscoromina.org\/?p=6546"},"modified":"2026-09-02T16:50:29","modified_gmt":"2026-09-02T14:50:29","slug":"la-fundacio-lluis-coromina-isern-acull-lexposicio-dibuix-en-directe-a-lespai-eat-art-dins-la-21a-edicio-de-laphonica","status":"publish","type":"post","link":"http:\/\/fundaciolluiscoromina.org\/index.php\/2025\/06\/13\/la-fundacio-lluis-coromina-isern-acull-lexposicio-dibuix-en-directe-a-lespai-eat-art-dins-la-21a-edicio-de-laphonica\/","title":{"rendered":"La Fundaci\u00f3 Llu\u00eds Coromina Isern acull l&#8217;exposici\u00f3 &#8216;Dibuix en directe&#8217; a l&#8217;Espai Eat Art, dins la 21a edici\u00f3 de l'(a)ph\u00f2nica"},"content":{"rendered":"<p>La Fundaci\u00f3 Llu\u00eds Coromina Isern acull l&#8217;exposici\u00f3\u00a0<em>Dibuix en directe<\/em>, que obrir\u00e0 les seves portes al p\u00fablic\u00a0aquest <strong>dijous 19 de juny <\/strong>a la tarda<strong>,\u00a0<\/strong>en el marc de la 21a\u00a0edici\u00f3 de\u00a0l\u2019<a href=\"http:\/\/www.aphonica.banyoles.cat\/\" data-cke-saved-href=\"http:\/\/www.aphonica.banyoles.cat\/\">(a)ph\u00f2nica, el Festival de la Veu de Banyoles<\/a>. L&#8217;exposici\u00f3 s&#8217;instal\u00b7lar\u00e0 a l&#8217;Espai Eat Art de la <a href=\"http:\/\/fundaciolluiscoromina.org\" target=\"_blank\" rel=\"noopener\" data-cke-saved-href=\"http:\/\/fundaciolluiscoromina.org\">Fundaci\u00f3 Llu\u00eds Coromina<\/a> fins al dissabte 2 d&#8217;agost en horari d&#8217;obertura.<\/p>\n<p>Amb llapis, tinta o aquarel\u00b7la a la m\u00e0, els il\u00b7lustradors i il\u00b7lustradores de l\u2019(a)ph\u00f2nica recorren el festival com si fos un paisatge sonor per dibuixar. Cada tra\u00e7 captura una veu, un gest, una emoci\u00f3 fuga\u00e7. Diferents mans, diferents mirades, diferents estils que conflueixen en una exposici\u00f3 viva i org\u00e0nica, que creix al ritme del festival. La m\u00e0gia ef\u00edmera de l\u2019instant viscut i compartit.<\/p>\n<p><strong>Horaris: <\/strong>De dimecres a divendres: de 17 h a 20 h. Dissabtes i diumenge 30 de juny de 10:30 h a 13:30 h i de 17 h a 20 h<\/p>\n","protected":false},"excerpt":{"rendered":"<p>La Fundaci\u00f3 Llu\u00eds Coromina Isern acull l&#8217;exposici\u00f3\u00a0Dibuix en directe, que obrir\u00e0 les seves portes al p\u00fablic\u00a0aquest dijous 19 de juny &#8230;<\/p>\n","protected":false},"author":2,"featured_media":6547,"comment_status":"closed","ping_status":"open","sticky":false,"template":"","format":"standard","meta":{"footnotes":""},"categories":[14,10,17],"tags":[],"class_list":["post-6546","post","type-post","status-publish","format-standard","has-post-thumbnail","hentry","category-accions-culturals","category-activitats","category-exposicions-espai-eat-art"],"_links":{"self":[{"href":"http:\/\/fundaciolluiscoromina.org\/index.php\/wp-json\/wp\/v2\/posts\/6546","targetHints":{"allow":["GET"]}}],"collection":[{"href":"http:\/\/fundaciolluiscoromina.org\/index.php\/wp-json\/wp\/v2\/posts"}],"about":[{"href":"http:\/\/fundaciolluiscoromina.org\/index.php\/wp-json\/wp\/v2\/types\/post"}],"author":[{"embeddable":true,"href":"http:\/\/fundaciolluiscoromina.org\/index.php\/wp-json\/wp\/v2\/users\/2"}],"replies":[{"embeddable":true,"href":"http:\/\/fundaciolluiscoromina.org\/index.php\/wp-json\/wp\/v2\/comments?post=6546"}],"version-history":[{"count":2,"href":"http:\/\/fundaciolluiscoromina.org\/index.php\/wp-json\/wp\/v2\/posts\/6546\/revisions"}],"predecessor-version":[{"id":7112,"href":"http:\/\/fundaciolluiscoromina.org\/index.php\/wp-json\/wp\/v2\/posts\/6546\/revisions\/7112"}],"wp:featuredmedia":[{"embeddable":true,"href":"http:\/\/fundaciolluiscoromina.org\/index.php\/wp-json\/wp\/v2\/media\/6547"}],"wp:attachment":[{"href":"http:\/\/fundaciolluiscoromina.org\/index.php\/wp-json\/wp\/v2\/media?parent=6546"}],"wp:term":[{"taxonomy":"category","embeddable":true,"href":"http:\/\/fundaciolluiscoromina.org\/index.php\/wp-json\/wp\/v2\/categories?post=6546"},{"taxonomy":"post_tag","embeddable":true,"href":"http:\/\/fundaciolluiscoromina.org\/index.php\/wp-json\/wp\/v2\/tags?post=6546"}],"curies":[{"name":"wp","href":"https:\/\/api.w.org\/{rel}","templated":true}]}}