{"id":6553,"date":"2025-06-25T18:10:04","date_gmt":"2025-06-25T16:10:04","guid":{"rendered":"http:\/\/www.fundaciolluiscoromina.org\/?p=6553"},"modified":"2026-09-02T16:50:29","modified_gmt":"2026-09-02T14:50:29","slug":"lespai-eat-art-de-banyoles-acull-tres-propostes-de-la-21a-edicio-de-laphonica","status":"publish","type":"post","link":"http:\/\/fundaciolluiscoromina.org\/index.php\/2025\/06\/25\/lespai-eat-art-de-banyoles-acull-tres-propostes-de-la-21a-edicio-de-laphonica\/","title":{"rendered":"L&#8217;Espai Eat Art de Banyoles acull tres propostes de la 21a edici\u00f3 de l'(a)ph\u00f2nica"},"content":{"rendered":"<p><a href=\"http:\/\/www.fundaciolluiscoromina.org\/\">La Fundaci\u00f3 Llu\u00eds Coromina Isern<\/a> col\u00b7labora un any m\u00e9s amb l\u2019<a href=\"http:\/\/www.aphonica.banyoles.cat\">(a)ph\u00f2nica, el Festival de la Veu de Banyoles<\/a>, i acull tres activitats de la 21a edici\u00f3 a l\u2019Espai Eat Art de Banyoles. Per una banda,\u00a0el concert de <strong>Terrae<\/strong>, un duet compost per Andreu Peral i Gen\u00eds Bag\u00e9s que presentar\u00e0 el seu\u00a0primer treball, <em>La Riuada<\/em> (Cases de la M\u00fasica, 2024) el diumenge 29 de juny a les 13 h,\u00a0un EP aclamat per la cr\u00edtica que portaran a diversos escenaris del territori catal\u00e0. El mateix dia, a les 16:30 h, ser\u00e0 el torn de Quimi Portet, que en una conversa distesa amb la periodista Anna Guitart, oferir\u00e0 la presentaci\u00f3 del seu llibre\u00a0<em>Can\u00e7ons en bell llemos\u00ed<\/em> (1987-2020), una obra que\u00a0 aplega les cent trenta can\u00e7ons que ens ha llegat fins ara la carrera en solitari de l&#8217;artista. Per altra banda, durant els dies del festival i fins al dissabte 2 d&#8217;agost, l&#8217;Espai Eat Art acollir\u00e0 l&#8217;exposici\u00f3 <em>Dibuix en directe<\/em>, una mostra formada per les il\u00b7lustracions dels cronistes gr\u00e0fics de l'(a)ph\u00f2nica que amb llapis, tinta o aquarel\u00b7la a la m\u00e0, recorreran el festival com si fos un paisatge sonor per dibuixar.<\/p>\n<p><strong>Horaris: <\/strong>De dimecres a divendres: de 17 h a 20 h. Dissabtes i diumenge 30 de juny de 10:30 h a 13:30 h i de 17 h a 20 h<\/p>\n","protected":false},"excerpt":{"rendered":"<p>La Fundaci\u00f3 Llu\u00eds Coromina Isern col\u00b7labora un any m\u00e9s amb l\u2019(a)ph\u00f2nica, el Festival de la Veu de Banyoles, i acull &#8230;<\/p>\n","protected":false},"author":2,"featured_media":6581,"comment_status":"closed","ping_status":"open","sticky":false,"template":"","format":"standard","meta":{"footnotes":""},"categories":[14,15,10,17],"tags":[],"class_list":["post-6553","post","type-post","status-publish","format-standard","has-post-thumbnail","hentry","category-accions-culturals","category-accions-socials","category-activitats","category-exposicions-espai-eat-art"],"_links":{"self":[{"href":"http:\/\/fundaciolluiscoromina.org\/index.php\/wp-json\/wp\/v2\/posts\/6553","targetHints":{"allow":["GET"]}}],"collection":[{"href":"http:\/\/fundaciolluiscoromina.org\/index.php\/wp-json\/wp\/v2\/posts"}],"about":[{"href":"http:\/\/fundaciolluiscoromina.org\/index.php\/wp-json\/wp\/v2\/types\/post"}],"author":[{"embeddable":true,"href":"http:\/\/fundaciolluiscoromina.org\/index.php\/wp-json\/wp\/v2\/users\/2"}],"replies":[{"embeddable":true,"href":"http:\/\/fundaciolluiscoromina.org\/index.php\/wp-json\/wp\/v2\/comments?post=6553"}],"version-history":[{"count":3,"href":"http:\/\/fundaciolluiscoromina.org\/index.php\/wp-json\/wp\/v2\/posts\/6553\/revisions"}],"predecessor-version":[{"id":7111,"href":"http:\/\/fundaciolluiscoromina.org\/index.php\/wp-json\/wp\/v2\/posts\/6553\/revisions\/7111"}],"wp:featuredmedia":[{"embeddable":true,"href":"http:\/\/fundaciolluiscoromina.org\/index.php\/wp-json\/wp\/v2\/media\/6581"}],"wp:attachment":[{"href":"http:\/\/fundaciolluiscoromina.org\/index.php\/wp-json\/wp\/v2\/media?parent=6553"}],"wp:term":[{"taxonomy":"category","embeddable":true,"href":"http:\/\/fundaciolluiscoromina.org\/index.php\/wp-json\/wp\/v2\/categories?post=6553"},{"taxonomy":"post_tag","embeddable":true,"href":"http:\/\/fundaciolluiscoromina.org\/index.php\/wp-json\/wp\/v2\/tags?post=6553"}],"curies":[{"name":"wp","href":"https:\/\/api.w.org\/{rel}","templated":true}]}}