{"id":6645,"date":"2025-08-26T10:36:06","date_gmt":"2025-08-26T08:36:06","guid":{"rendered":"http:\/\/www.fundaciolluiscoromina.org\/?p=6645"},"modified":"2026-09-02T16:50:28","modified_gmt":"2026-09-02T14:50:28","slug":"la-casa-cultura-de-girona-acull-la-inauguracio-de-miramar-exploracions-a-la-mar-damunt-una-mostra-amb-el-suport-de-la-fundacio-lluis-coromina","status":"publish","type":"post","link":"http:\/\/fundaciolluiscoromina.org\/index.php\/2025\/08\/26\/la-casa-cultura-de-girona-acull-la-inauguracio-de-miramar-exploracions-a-la-mar-damunt-una-mostra-amb-el-suport-de-la-fundacio-lluis-coromina\/","title":{"rendered":"La Casa de Cultura de Girona inaugura la mostra &#8216;Miramar. Exploracions a la Mar d&#8217;Amunt&#8217;, amb el suport de la Fundaci\u00f3 Llu\u00eds Coromina Isern"},"content":{"rendered":"<div style=\"text-align: left;\">El pr\u00f2xim dijous 4 de setembre, a les 19 h, la Casa de Cultura de Girona acollir\u00e0 la inauguraci\u00f3 de l&#8217;exposici\u00f3 <em>Miramar. Exploracions a la Mar d&#8217;Amunt<\/em>, un projecte que se submergeix en el cosmos mar\u00ed del restaurant Miramar i del seu xef amb estrella Paco P\u00e9rez.\u00a0La mostra, que compta amb el disseny de l&#8217;estudi P.A.R, estableix un di\u00e0leg entre art i cuina a trav\u00e9s d\u2019una selecci\u00f3 d\u2019elements que van des de dibuixos del mateix cuiner, arxius visuals hist\u00f2rics i vaixella d\u2019autor, fins a fotografies de Francesc Guillamet, documents del proc\u00e9s creatiu, obres de diversos artistes i una videoinstal\u00b7laci\u00f3 del fot\u00f2graf Samuel Aranda. Impulsada conjuntament per Miramar i Bonart, amb el suport de la Diputaci\u00f3 de Girona i la col\u00b7laboraci\u00f3 de L\u2019Amant, Gramona i la Fundaci\u00f3 Llu\u00eds Coromina, l\u2019exposici\u00f3 es podr\u00e0 visitar fins al dimecres 15 d\u2019octubre en l\u2019horari habitual d\u2019obertura de l\u2019espai.<\/div>\n<div>\n<p>Amb l\u2019avantguarda culin\u00e0ria dels anys noranta com a punt de partida, el territori de la Mar d\u2019Amunt com a font d\u2019inspiraci\u00f3, i amb les mans d\u2019un equip implicat que cada dia interpreta les seves creacions, el xef crea escultures comestibles que es presenten a cada comensal que el visita. Aquesta mostra coral ens brinda l\u2019oportunitat de valorar la simbiosi entre art i gastronomia, descobrint el vincle amb l\u2019entorn, la inspiraci\u00f3, el proc\u00e9s creatiu, la innovaci\u00f3, la hist\u00f2ria, i el coneixement en constant transformaci\u00f3 que en deriva.<\/p>\n<\/div>\n<div><img loading=\"lazy\" decoding=\"async\" class=\"alignnone size-large wp-image-6640\" src=\"http:\/\/test.fundaciolluiscoromina.org\/wp-content\/uploads\/2025\/08\/miramar-expo-4-1-819x1024.png\" alt=\"\" width=\"819\" height=\"1024\" srcset=\"http:\/\/fundaciolluiscoromina.org\/wp-content\/uploads\/2025\/08\/miramar-expo-4-1-819x1024.png 819w, http:\/\/fundaciolluiscoromina.org\/wp-content\/uploads\/2025\/08\/miramar-expo-4-1-240x300.png 240w, http:\/\/fundaciolluiscoromina.org\/wp-content\/uploads\/2025\/08\/miramar-expo-4-1-768x960.png 768w, http:\/\/fundaciolluiscoromina.org\/wp-content\/uploads\/2025\/08\/miramar-expo-4-1-1229x1536.png 1229w, http:\/\/fundaciolluiscoromina.org\/wp-content\/uploads\/2025\/08\/miramar-expo-4-1-1639x2048.png 1639w, http:\/\/fundaciolluiscoromina.org\/wp-content\/uploads\/2025\/08\/miramar-expo-4-1-scaled.png 2048w\" sizes=\"auto, (max-width: 819px) 100vw, 819px\" \/><\/div>\n<div><\/div>\n","protected":false},"excerpt":{"rendered":"<p>El pr\u00f2xim dijous 4 de setembre, a les 19 h, la Casa de Cultura de Girona acollir\u00e0 la inauguraci\u00f3 de &#8230;<\/p>\n","protected":false},"author":1,"featured_media":6649,"comment_status":"closed","ping_status":"open","sticky":false,"template":"","format":"standard","meta":{"footnotes":""},"categories":[14,15,10,261],"tags":[],"class_list":["post-6645","post","type-post","status-publish","format-standard","has-post-thumbnail","hentry","category-accions-culturals","category-accions-socials","category-activitats","category-exposicions-externes"],"_links":{"self":[{"href":"http:\/\/fundaciolluiscoromina.org\/index.php\/wp-json\/wp\/v2\/posts\/6645","targetHints":{"allow":["GET"]}}],"collection":[{"href":"http:\/\/fundaciolluiscoromina.org\/index.php\/wp-json\/wp\/v2\/posts"}],"about":[{"href":"http:\/\/fundaciolluiscoromina.org\/index.php\/wp-json\/wp\/v2\/types\/post"}],"author":[{"embeddable":true,"href":"http:\/\/fundaciolluiscoromina.org\/index.php\/wp-json\/wp\/v2\/users\/1"}],"replies":[{"embeddable":true,"href":"http:\/\/fundaciolluiscoromina.org\/index.php\/wp-json\/wp\/v2\/comments?post=6645"}],"version-history":[{"count":1,"href":"http:\/\/fundaciolluiscoromina.org\/index.php\/wp-json\/wp\/v2\/posts\/6645\/revisions"}],"predecessor-version":[{"id":7660,"href":"http:\/\/fundaciolluiscoromina.org\/index.php\/wp-json\/wp\/v2\/posts\/6645\/revisions\/7660"}],"wp:featuredmedia":[{"embeddable":true,"href":"http:\/\/fundaciolluiscoromina.org\/index.php\/wp-json\/wp\/v2\/media\/6649"}],"wp:attachment":[{"href":"http:\/\/fundaciolluiscoromina.org\/index.php\/wp-json\/wp\/v2\/media?parent=6645"}],"wp:term":[{"taxonomy":"category","embeddable":true,"href":"http:\/\/fundaciolluiscoromina.org\/index.php\/wp-json\/wp\/v2\/categories?post=6645"},{"taxonomy":"post_tag","embeddable":true,"href":"http:\/\/fundaciolluiscoromina.org\/index.php\/wp-json\/wp\/v2\/tags?post=6645"}],"curies":[{"name":"wp","href":"https:\/\/api.w.org\/{rel}","templated":true}]}}