{"id":6660,"date":"2025-09-16T13:30:03","date_gmt":"2025-09-16T11:30:03","guid":{"rendered":"http:\/\/www.fundaciolluiscoromina.org\/?p=6660"},"modified":"2026-09-02T16:50:28","modified_gmt":"2026-09-02T14:50:28","slug":"lespai-eat-art-de-banyoles-acull-la-inauguracio-de-lexposicio-biennal-dart-contemporani-gastronomic-de-cambrils","status":"publish","type":"post","link":"http:\/\/fundaciolluiscoromina.org\/index.php\/2025\/09\/16\/lespai-eat-art-de-banyoles-acull-la-inauguracio-de-lexposicio-biennal-dart-contemporani-gastronomic-de-cambrils\/","title":{"rendered":"L&#8217;Espai Eat Art de Banyoles acull la inauguraci\u00f3 de l&#8217;exposici\u00f3 &#8216;Biennal d\u2019Art contemporani gastron\u00f2mic de Cambrils&#8217;"},"content":{"rendered":"<p style=\"text-align: left;\">Aquest divendres 19 de setembre, a les 19 h, l&#8217;Espai Eat Art de Banyoles de la Fundaci\u00f3 Llu\u00eds Coromina Isern acollir\u00e0 la inauguraci\u00f3 de l&#8217;exposici\u00f3\u00a0<em>Biennal d\u2019Art contemporani gastron\u00f2mic de Cambrils, <\/em>una mostra que reuneix les obres dels artistes premiats de les sis edicions de la Biennal (2014-2024). Amb un registre plural i evocador, l&#8217;exposici\u00f3 t\u00e9 l&#8217;objectiu de\u00a0reunir una selecci\u00f3 de les creacions m\u00e9s destacades que uneixen el m\u00f3n de l\u2019art i la gastronomia del nostre pa\u00eds, amb peces com <em>EL SANT SOPAR<\/em> de les artistes Cristina Salvans i Rosa Mata, obra guanyadora de l&#8217;edici\u00f3 del 2024.<\/p>\n<p>L\u2019exposici\u00f3\u00a0<em>Biennal d\u2019Art contemporani gastron\u00f2mic de Cambrils<\/em> ofereix als visitants l\u2019oportunitat de descobrir el vessant creatiu que caracteritza la Biennal, un esdeveniment de refer\u00e8ncia que ha contribu\u00eft a posicionar la ciutat de Cambrils com a punt de trobada per a artistes amb una gran sensibilitat gastron\u00f2mica. Es tracta d\u2019una mostra que arriba per primera vegada a l\u2019Espai Eat Art de Banyoles, coincidint amb el reconeixement de Catalunya com a Regi\u00f3 Mundial de la Gastronomia,\u00a0i que es podr\u00e0 visitar fins al dissabte 1 de novembre en horari d&#8217;obertura.<\/p>\n<p style=\"text-align: left;\"><strong>Fundaci\u00f3 Llu\u00eds Coromina Isern &#8211; Espai Eat Art<\/strong><br \/>\nPla\u00e7a Major, 33 &#8211; 17820 Banyoles<\/p>\n<p><strong>Horaris<\/strong><br \/>\nDe dimecres a divendres: de 16 h a 20 h<br \/>\nDissabtes de 10 h a 14 h i de 16 h a 20 h<\/p>\n<p>&nbsp;<\/p>\n<p><img loading=\"lazy\" decoding=\"async\" class=\"alignnone size-medium wp-image-6668\" src=\"http:\/\/test.fundaciolluiscoromina.org\/wp-content\/uploads\/2025\/09\/28ecc548-c506-45b5-8ca5-835af939d640-300x200.jpeg\" alt=\"\" width=\"300\" height=\"200\" \/> <img loading=\"lazy\" decoding=\"async\" class=\"alignnone size-medium wp-image-6667\" src=\"http:\/\/test.fundaciolluiscoromina.org\/wp-content\/uploads\/2025\/09\/1b9ac67a-80fe-40f7-8311-7d0d242089f7-300x200.jpeg\" alt=\"\" width=\"300\" height=\"200\" srcset=\"http:\/\/fundaciolluiscoromina.org\/wp-content\/uploads\/2025\/09\/1b9ac67a-80fe-40f7-8311-7d0d242089f7-300x200.jpeg 300w, http:\/\/fundaciolluiscoromina.org\/wp-content\/uploads\/2025\/09\/1b9ac67a-80fe-40f7-8311-7d0d242089f7-1024x683.jpeg 1024w, http:\/\/fundaciolluiscoromina.org\/wp-content\/uploads\/2025\/09\/1b9ac67a-80fe-40f7-8311-7d0d242089f7-768x512.jpeg 768w, http:\/\/fundaciolluiscoromina.org\/wp-content\/uploads\/2025\/09\/1b9ac67a-80fe-40f7-8311-7d0d242089f7-1536x1024.jpeg 1536w, http:\/\/fundaciolluiscoromina.org\/wp-content\/uploads\/2025\/09\/1b9ac67a-80fe-40f7-8311-7d0d242089f7.jpeg 1600w\" sizes=\"auto, (max-width: 300px) 100vw, 300px\" \/> <img loading=\"lazy\" decoding=\"async\" class=\"alignnone size-medium wp-image-6680\" src=\"http:\/\/test.fundaciolluiscoromina.org\/wp-content\/uploads\/2025\/09\/f5f79266-0eb1-4f12-adb1-5fa0a3f9bd58-300x200.jpeg\" alt=\"\" width=\"300\" height=\"200\" \/> <img loading=\"lazy\" decoding=\"async\" class=\"alignnone size-medium wp-image-6679\" src=\"http:\/\/test.fundaciolluiscoromina.org\/wp-content\/uploads\/2025\/09\/e3b94600-1d01-4c00-966b-cf8398a6d6ac-300x200.jpeg\" alt=\"\" width=\"300\" height=\"200\" \/> <img loading=\"lazy\" decoding=\"async\" class=\"alignnone size-medium wp-image-6678\" src=\"http:\/\/test.fundaciolluiscoromina.org\/wp-content\/uploads\/2025\/09\/dbd9a15f-6174-41cb-96fe-bdd508715311-300x200.jpeg\" alt=\"\" width=\"300\" height=\"200\" \/> <img loading=\"lazy\" decoding=\"async\" class=\"alignnone size-medium wp-image-6677\" src=\"http:\/\/test.fundaciolluiscoromina.org\/wp-content\/uploads\/2025\/09\/c96ef399-394e-4537-9b77-0bcd82872d3e-300x200.jpeg\" alt=\"\" width=\"300\" height=\"200\" \/> <img loading=\"lazy\" decoding=\"async\" class=\"alignnone size-medium wp-image-6676\" src=\"http:\/\/test.fundaciolluiscoromina.org\/wp-content\/uploads\/2025\/09\/b1317690-1273-4b3c-93b5-ecab751888ac-300x200.jpeg\" alt=\"\" width=\"300\" height=\"200\" \/> <img loading=\"lazy\" decoding=\"async\" class=\"alignnone size-medium wp-image-6675\" src=\"http:\/\/test.fundaciolluiscoromina.org\/wp-content\/uploads\/2025\/09\/b0665447-9a54-4a98-b45b-42817bd55b57-300x200.jpeg\" alt=\"\" width=\"300\" height=\"200\" \/> <img loading=\"lazy\" decoding=\"async\" class=\"alignnone size-medium wp-image-6674\" src=\"http:\/\/test.fundaciolluiscoromina.org\/wp-content\/uploads\/2025\/09\/56788207-f5cd-4013-bd6d-b408921f3706-300x200.jpeg\" alt=\"\" width=\"300\" height=\"200\" \/> <img loading=\"lazy\" decoding=\"async\" class=\"alignnone size-medium wp-image-6673\" src=\"http:\/\/test.fundaciolluiscoromina.org\/wp-content\/uploads\/2025\/09\/2244114a-cfd5-4e33-9581-cf37acad804f-300x200.jpeg\" alt=\"\" width=\"300\" height=\"200\" \/> <img loading=\"lazy\" decoding=\"async\" class=\"alignnone size-medium wp-image-6672\" src=\"http:\/\/test.fundaciolluiscoromina.org\/wp-content\/uploads\/2025\/09\/2806daa5-b52c-45d4-91bb-fba4ebe87fcf-300x200.jpeg\" alt=\"\" width=\"300\" height=\"200\" \/> <img loading=\"lazy\" decoding=\"async\" class=\"alignnone size-medium wp-image-6670\" src=\"http:\/\/test.fundaciolluiscoromina.org\/wp-content\/uploads\/2025\/09\/38aec063-7f18-4d94-815f-4e3e72771e67-300x200.jpeg\" alt=\"\" width=\"300\" height=\"200\" \/> <img loading=\"lazy\" decoding=\"async\" class=\"alignnone size-medium wp-image-6669\" src=\"http:\/\/test.fundaciolluiscoromina.org\/wp-content\/uploads\/2025\/09\/30f8eaa5-6b19-4b7c-9912-c6b2753604c3-300x200.jpeg\" alt=\"\" width=\"300\" height=\"200\" \/> <img loading=\"lazy\" decoding=\"async\" class=\"alignnone size-medium wp-image-6665\" src=\"http:\/\/test.fundaciolluiscoromina.org\/wp-content\/uploads\/2025\/09\/G1Mb2NMXUAAsI5G-300x225.jpg\" alt=\"\" width=\"300\" height=\"225\" \/><\/p>\n<p>Foto: Mar Duran \/ Nord Media<\/p>\n<p>&nbsp;<\/p>\n","protected":false},"excerpt":{"rendered":"<p>Aquest divendres 19 de setembre, a les 19 h, l&#8217;Espai Eat Art de Banyoles de la Fundaci\u00f3 Llu\u00eds Coromina Isern &#8230;<\/p>\n","protected":false},"author":1,"featured_media":6661,"comment_status":"closed","ping_status":"open","sticky":false,"template":"","format":"standard","meta":{"footnotes":""},"categories":[17],"tags":[],"class_list":["post-6660","post","type-post","status-publish","format-standard","has-post-thumbnail","hentry","category-exposicions-espai-eat-art"],"_links":{"self":[{"href":"http:\/\/fundaciolluiscoromina.org\/index.php\/wp-json\/wp\/v2\/posts\/6660","targetHints":{"allow":["GET"]}}],"collection":[{"href":"http:\/\/fundaciolluiscoromina.org\/index.php\/wp-json\/wp\/v2\/posts"}],"about":[{"href":"http:\/\/fundaciolluiscoromina.org\/index.php\/wp-json\/wp\/v2\/types\/post"}],"author":[{"embeddable":true,"href":"http:\/\/fundaciolluiscoromina.org\/index.php\/wp-json\/wp\/v2\/users\/1"}],"replies":[{"embeddable":true,"href":"http:\/\/fundaciolluiscoromina.org\/index.php\/wp-json\/wp\/v2\/comments?post=6660"}],"version-history":[{"count":2,"href":"http:\/\/fundaciolluiscoromina.org\/index.php\/wp-json\/wp\/v2\/posts\/6660\/revisions"}],"predecessor-version":[{"id":9639,"href":"http:\/\/fundaciolluiscoromina.org\/index.php\/wp-json\/wp\/v2\/posts\/6660\/revisions\/9639"}],"wp:featuredmedia":[{"embeddable":true,"href":"http:\/\/fundaciolluiscoromina.org\/index.php\/wp-json\/wp\/v2\/media\/6661"}],"wp:attachment":[{"href":"http:\/\/fundaciolluiscoromina.org\/index.php\/wp-json\/wp\/v2\/media?parent=6660"}],"wp:term":[{"taxonomy":"category","embeddable":true,"href":"http:\/\/fundaciolluiscoromina.org\/index.php\/wp-json\/wp\/v2\/categories?post=6660"},{"taxonomy":"post_tag","embeddable":true,"href":"http:\/\/fundaciolluiscoromina.org\/index.php\/wp-json\/wp\/v2\/tags?post=6660"}],"curies":[{"name":"wp","href":"https:\/\/api.w.org\/{rel}","templated":true}]}}