{"id":670,"date":"2011-07-16T10:24:47","date_gmt":"2011-07-16T10:24:47","guid":{"rendered":"http:\/\/espaieatart.wordpress.com\/?p=670"},"modified":"2011-07-16T10:24:47","modified_gmt":"2011-07-16T10:24:47","slug":"estiu-verano-summer-2011","status":"publish","type":"post","link":"http:\/\/fundaciolluiscoromina.org\/index.php\/2011\/07\/16\/estiu-verano-summer-2011\/","title":{"rendered":"Remodelaci\u00f3: d&#8217;antiga sabateria Vil\u00e0 a espai d&#8217;art contemporani"},"content":{"rendered":"<p style=\"text-align:left;\"><a href=\"http:\/\/espaieatart.files.wordpress.com\/2011\/07\/logo-espai-eat-art.jpg\"><img loading=\"lazy\" decoding=\"async\" class=\"size-medium wp-image-672 alignleft\" title=\"Logo Espai Eat Art\" src=\"http:\/\/espaieatart.files.wordpress.com\/2011\/07\/logo-espai-eat-art.jpg?w=300\" alt=\"\" width=\"136\" height=\"92\" \/><\/a><strong><\/strong><\/p>\n<p style=\"text-align:left;\">\n<p style=\"text-align:left;\">\n<p style=\"text-align:left;\">\n<p style=\"text-align:left;\">De sabateria a galeria d&#8217;art i de galeria d&#8217;art a espai d&#8217;art contemporani especialitzat en temes d&#8217;art i alimentaci\u00f3: espai eat art. Amb aquest esperit ens enfrontem a les reformes m\u00e9s ambicioses d&#8217;aquest centre en vint anys. Gr\u00e0cies a l&#8217;esfor\u00e7 del seu m\u00e0xim impulsor, Llu\u00eds Coromina, l&#8217;espai es renta la cara, s&#8217;actualitza tecnol\u00f2gicament i estructuralment i passa a convertir-se en un referent en l&#8217;\u00e0mbit de l&#8217;art contemporani a casa nostra. El nou local amb m\u00e9s de 200 metres quadrats, sistema d&#8217;alarma, antiincendis, v\u00eddeovigil\u00e0ncia, audio d&#8217;\u00faltima generaci\u00f3, lavabo adaptat per cadira de rodes&#8230; esdev\u00e9 un espai vers\u00e0til i polivalent on programar-hi tota mena d&#8217;actes de car\u00e0cter cultural i d&#8217;emprenedoria. Tamb\u00e9 s&#8217;han fet unes petites actuacions en el jard\u00ed per resignificar l&#8217;obra de Llu\u00eds Vil\u00e0 i deixar-lo millor condicionat per a dur-hi a terme esdevniments musicals i art\u00edstics.<\/p>\n<p style=\"text-align:left;\">La direcci\u00f3 d&#8217;obra ha anat a cura de l&#8217;arquitecte i artista Amadeu Fabra i del seu equip. Una de les claus de la reforma ha estat, segons el propi Fabra, \u00absimplificar totes les traves estructurals i visuals i deixat l&#8217;espai net i di\u00e0fen\u00bb. Aix\u00ed mateix, l&#8217;arquitecte apunta que \u00aba m\u00e9s, com a valor afegit, hem volgut patrimonialitzar l&#8217;espai i hem tret a relluir una paret amb pedra de banyoles que li d\u00f3na un caire del tot especial\u00bb. A banda, tamb\u00e9 s&#8217;han conservat els aparadors de l&#8217;antiga sabateria Vil\u00e0, al capdavant de l&#8217;espai, \u00aben una esp\u00e8cie de clucada d&#8217;ullet al passat, ja que s\u00f3n quasi patrimoni etnogr\u00e0fic de la ciutat i de tot l&#8217;edifici, sobre del qual hi vivia i hi tenia l&#8217;estudi l&#8217;artista Llu\u00eds Vil\u00e0\u00bb.<\/p>\n<p style=\"text-align:left;\">La reobertura es dur\u00e0 a terme el 23 de setembre amb motiu de la inauguraci\u00f3 de l&#8217;exposici\u00f3 de Rosal\u00eda Banet.<\/p>\n<p style=\"text-align:left;\"><a href=\"http:\/\/espaieatart.files.wordpress.com\/2011\/07\/img_1392.jpg\"><img loading=\"lazy\" decoding=\"async\" class=\"alignnone size-full wp-image-976\" title=\"IMG_1392\" src=\"http:\/\/espaieatart.files.wordpress.com\/2011\/07\/img_1392.jpg\" alt=\"\" width=\"590\" height=\"440\" \/><\/a><\/p>\n<p style=\"text-align:left;\"><strong><\/strong><strong><span style=\"color:#800000;\"><br style=\"color:#800000;\" \/> <\/span><\/strong><\/p>\n<p style=\"text-align:left;\"><strong><span style=\"color:#800000;\"><br \/>\n<\/span><\/strong><\/p>\n","protected":false},"excerpt":{"rendered":"<p>De sabateria a galeria d&#8217;art i de galeria d&#8217;art a espai d&#8217;art contemporani especialitzat en temes d&#8217;art i alimentaci\u00f3: espai &#8230;<\/p>\n","protected":false},"author":1,"featured_media":672,"comment_status":"open","ping_status":"open","sticky":false,"template":"","format":"standard","meta":{"footnotes":""},"categories":[9],"tags":[18,19,20,21,22,23],"class_list":["post-670","post","type-post","status-publish","format-standard","has-post-thumbnail","hentry","category-historic","tag-amadeu-fabra","tag-banyoles","tag-espi-dart","tag-lluis-coromina","tag-lluis-vila","tag-sabateria"],"_links":{"self":[{"href":"http:\/\/fundaciolluiscoromina.org\/index.php\/wp-json\/wp\/v2\/posts\/670","targetHints":{"allow":["GET"]}}],"collection":[{"href":"http:\/\/fundaciolluiscoromina.org\/index.php\/wp-json\/wp\/v2\/posts"}],"about":[{"href":"http:\/\/fundaciolluiscoromina.org\/index.php\/wp-json\/wp\/v2\/types\/post"}],"author":[{"embeddable":true,"href":"http:\/\/fundaciolluiscoromina.org\/index.php\/wp-json\/wp\/v2\/users\/1"}],"replies":[{"embeddable":true,"href":"http:\/\/fundaciolluiscoromina.org\/index.php\/wp-json\/wp\/v2\/comments?post=670"}],"version-history":[{"count":0,"href":"http:\/\/fundaciolluiscoromina.org\/index.php\/wp-json\/wp\/v2\/posts\/670\/revisions"}],"wp:attachment":[{"href":"http:\/\/fundaciolluiscoromina.org\/index.php\/wp-json\/wp\/v2\/media?parent=670"}],"wp:term":[{"taxonomy":"category","embeddable":true,"href":"http:\/\/fundaciolluiscoromina.org\/index.php\/wp-json\/wp\/v2\/categories?post=670"},{"taxonomy":"post_tag","embeddable":true,"href":"http:\/\/fundaciolluiscoromina.org\/index.php\/wp-json\/wp\/v2\/tags?post=670"}],"curies":[{"name":"wp","href":"https:\/\/api.w.org\/{rel}","templated":true}]}}