{"id":6730,"date":"2025-11-09T12:43:16","date_gmt":"2025-11-09T11:43:16","guid":{"rendered":"http:\/\/www.fundaciolluiscoromina.org\/?p=6730"},"modified":"2026-09-02T16:50:28","modified_gmt":"2026-09-02T14:50:28","slug":"lespai-isern-dalmau-acull-la-reunio-del-patronat-fundacio-catalunya-europa","status":"publish","type":"post","link":"http:\/\/fundaciolluiscoromina.org\/index.php\/2025\/11\/09\/lespai-isern-dalmau-acull-la-reunio-del-patronat-fundacio-catalunya-europa\/","title":{"rendered":"L&#8217;Espai Isern Dalmau de Barcelona acull la trobada anual del patronat de la Fundaci\u00f3 Catalunya Europa"},"content":{"rendered":"<p>L\u2019Espai Isern Dalmau va acollir ahir la reuni\u00f3 del patronat de la Fundaci\u00f3 Catalunya Europa (FCE). Es tracta d\u2019una trobada anual que se celebra en un espai diferent vinculat al projecte i que, enguany, ha tingut lloc en una de les seus de la Fundaci\u00f3 Llu\u00eds Coromina Isern.<\/p>\n<p>La Fundaci\u00f3 Catalunya Europa \u00e9s una instituci\u00f3\u00a0dedicada a l\u2019impuls del pensament cr\u00edtic, la reflexi\u00f3 democr\u00e0tica i l\u2019an\u00e0lisi de reptes socials, econ\u00f2mics i pol\u00edtics de Catalunya en el marc europeu. Nascuda del llegat i la visi\u00f3 de Pasqual Maragall, treballa per promoure una Europa m\u00e9s justa, cohesionada i democr\u00e0tica, aix\u00ed com per fomentar la governan\u00e7a metropolitana, el desenvolupament sostenible i la participaci\u00f3 ciutadana.<\/p>\n<p>L&#8217;any 2022, El Puntal \u2013 Laboratori de les Arts de Banyoles de la Fundaci\u00f3 Llu\u00eds Coromina tamb\u00e9 va ser l&#8217;escenari d&#8217;una altra activitat d&#8217;aquesta fundaci\u00f3, en concret, la primera sessi\u00f3 d\u2019\u00c0GORA, un espai de debat democr\u00e0tic. A m\u00e9s, l&#8217;Espai Isern Dalmau de Barcelona va acollir l&#8217;any 2020 l&#8217;exposici\u00f3 <em>Pasqual Maragall mira, 10 anys despr\u00e9s,<\/em>\u00a0una mostra que recull diverses imatges que Pasqual Maragall va realitzar amb el seu tel\u00e8fon m\u00f2bil entre el 2008 i el 2010, i que donen lloc a un <em>autoretrat<\/em> sorprenent de l\u2019emblem\u00e0tic pol\u00edtic.<\/p>\n<p>&nbsp;<\/p>\n<p><img loading=\"lazy\" decoding=\"async\" class=\"alignnone size-medium wp-image-6732\" src=\"http:\/\/test.fundaciolluiscoromina.org\/wp-content\/uploads\/2025\/11\/20251108_101613-300x225.jpg\" alt=\"\" width=\"300\" height=\"225\" \/> <img loading=\"lazy\" decoding=\"async\" class=\"alignnone size-medium wp-image-6737\" src=\"http:\/\/test.fundaciolluiscoromina.org\/wp-content\/uploads\/2025\/11\/20251108_101548-300x225.jpg\" alt=\"\" width=\"300\" height=\"225\" \/><\/p>\n","protected":false},"excerpt":{"rendered":"<p>L\u2019Espai Isern Dalmau va acollir ahir la reuni\u00f3 del patronat de la Fundaci\u00f3 Catalunya Europa (FCE). Es tracta d\u2019una trobada &#8230;<\/p>\n","protected":false},"author":1,"featured_media":7644,"comment_status":"closed","ping_status":"open","sticky":false,"template":"","format":"standard","meta":{"footnotes":""},"categories":[14,10,262],"tags":[],"class_list":["post-6730","post","type-post","status-publish","format-standard","has-post-thumbnail","hentry","category-accions-culturals","category-activitats","category-noticies"],"_links":{"self":[{"href":"http:\/\/fundaciolluiscoromina.org\/index.php\/wp-json\/wp\/v2\/posts\/6730","targetHints":{"allow":["GET"]}}],"collection":[{"href":"http:\/\/fundaciolluiscoromina.org\/index.php\/wp-json\/wp\/v2\/posts"}],"about":[{"href":"http:\/\/fundaciolluiscoromina.org\/index.php\/wp-json\/wp\/v2\/types\/post"}],"author":[{"embeddable":true,"href":"http:\/\/fundaciolluiscoromina.org\/index.php\/wp-json\/wp\/v2\/users\/1"}],"replies":[{"embeddable":true,"href":"http:\/\/fundaciolluiscoromina.org\/index.php\/wp-json\/wp\/v2\/comments?post=6730"}],"version-history":[{"count":1,"href":"http:\/\/fundaciolluiscoromina.org\/index.php\/wp-json\/wp\/v2\/posts\/6730\/revisions"}],"predecessor-version":[{"id":7657,"href":"http:\/\/fundaciolluiscoromina.org\/index.php\/wp-json\/wp\/v2\/posts\/6730\/revisions\/7657"}],"wp:featuredmedia":[{"embeddable":true,"href":"http:\/\/fundaciolluiscoromina.org\/index.php\/wp-json\/wp\/v2\/media\/7644"}],"wp:attachment":[{"href":"http:\/\/fundaciolluiscoromina.org\/index.php\/wp-json\/wp\/v2\/media?parent=6730"}],"wp:term":[{"taxonomy":"category","embeddable":true,"href":"http:\/\/fundaciolluiscoromina.org\/index.php\/wp-json\/wp\/v2\/categories?post=6730"},{"taxonomy":"post_tag","embeddable":true,"href":"http:\/\/fundaciolluiscoromina.org\/index.php\/wp-json\/wp\/v2\/tags?post=6730"}],"curies":[{"name":"wp","href":"https:\/\/api.w.org\/{rel}","templated":true}]}}