{"id":6744,"date":"2025-12-16T12:57:36","date_gmt":"2025-12-16T11:57:36","guid":{"rendered":"http:\/\/www.fundaciolluiscoromina.org\/?p=6744"},"modified":"2026-09-02T16:50:27","modified_gmt":"2026-09-02T14:50:27","slug":"el-museu-darder-de-banyoles-acull-lestrena-del-documental-lluis-vila-de-lorganic-a-leteri-amb-la-collaboracio-de-la-fundacio-lluis-coromina-isern","status":"publish","type":"post","link":"http:\/\/fundaciolluiscoromina.org\/index.php\/2025\/12\/16\/el-museu-darder-de-banyoles-acull-lestrena-del-documental-lluis-vila-de-lorganic-a-leteri-amb-la-collaboracio-de-la-fundacio-lluis-coromina-isern\/","title":{"rendered":"El Museu Darder de Banyoles acull l&#8217;estrena del documental &#8216;Llu\u00eds Vil\u00e0, de l&#8217;org\u00e0nic a l&#8217;eteri&#8217;, amb la col\u00b7laboraci\u00f3 de la Fundaci\u00f3 Llu\u00eds Coromina Isern"},"content":{"rendered":"<p>Aquest dissabte 20 de desembre, a les 17 h, el Museu Darder de Banyoles acollir\u00e0 l&#8217;estrena del documental <em>Llu\u00eds Vil\u00e0, de l&#8217;org\u00e0nic a l&#8217;eteri,<\/em> una pe\u00e7a audiovisual de Cristina Bouzas i Jos\u00e9 C\u00e1mara al voltant de l&#8217;obra i la vida de l&#8217;artista que compta amb la col\u00b7laboraci\u00f3 de la Fundaci\u00f3 Llu\u00eds Coromina Isern.<\/p>\n","protected":false},"excerpt":{"rendered":"<p>Aquest dissabte 20 de desembre, a les 17 h, el Museu Darder de Banyoles acollir\u00e0 l&#8217;estrena del documental Llu\u00eds Vil\u00e0, &#8230;<\/p>\n","protected":false},"author":1,"featured_media":6745,"comment_status":"closed","ping_status":"open","sticky":false,"template":"","format":"standard","meta":{"footnotes":""},"categories":[14,15,10,262],"tags":[],"class_list":["post-6744","post","type-post","status-publish","format-standard","has-post-thumbnail","hentry","category-accions-culturals","category-accions-socials","category-activitats","category-noticies"],"_links":{"self":[{"href":"http:\/\/fundaciolluiscoromina.org\/index.php\/wp-json\/wp\/v2\/posts\/6744","targetHints":{"allow":["GET"]}}],"collection":[{"href":"http:\/\/fundaciolluiscoromina.org\/index.php\/wp-json\/wp\/v2\/posts"}],"about":[{"href":"http:\/\/fundaciolluiscoromina.org\/index.php\/wp-json\/wp\/v2\/types\/post"}],"author":[{"embeddable":true,"href":"http:\/\/fundaciolluiscoromina.org\/index.php\/wp-json\/wp\/v2\/users\/1"}],"replies":[{"embeddable":true,"href":"http:\/\/fundaciolluiscoromina.org\/index.php\/wp-json\/wp\/v2\/comments?post=6744"}],"version-history":[{"count":1,"href":"http:\/\/fundaciolluiscoromina.org\/index.php\/wp-json\/wp\/v2\/posts\/6744\/revisions"}],"predecessor-version":[{"id":9193,"href":"http:\/\/fundaciolluiscoromina.org\/index.php\/wp-json\/wp\/v2\/posts\/6744\/revisions\/9193"}],"wp:featuredmedia":[{"embeddable":true,"href":"http:\/\/fundaciolluiscoromina.org\/index.php\/wp-json\/wp\/v2\/media\/6745"}],"wp:attachment":[{"href":"http:\/\/fundaciolluiscoromina.org\/index.php\/wp-json\/wp\/v2\/media?parent=6744"}],"wp:term":[{"taxonomy":"category","embeddable":true,"href":"http:\/\/fundaciolluiscoromina.org\/index.php\/wp-json\/wp\/v2\/categories?post=6744"},{"taxonomy":"post_tag","embeddable":true,"href":"http:\/\/fundaciolluiscoromina.org\/index.php\/wp-json\/wp\/v2\/tags?post=6744"}],"curies":[{"name":"wp","href":"https:\/\/api.w.org\/{rel}","templated":true}]}}