{"id":6787,"date":"2026-01-08T10:37:19","date_gmt":"2026-01-08T09:37:19","guid":{"rendered":"http:\/\/www.fundaciolluiscoromina.org\/?p=6787"},"modified":"2026-09-02T16:50:27","modified_gmt":"2026-09-02T14:50:27","slug":"les-quatre-propostes-del-cimic-el-cicle-itinerant-de-musica-improvisada-de-catalunya","status":"publish","type":"post","link":"http:\/\/fundaciolluiscoromina.org\/index.php\/2026\/01\/08\/les-quatre-propostes-del-cimic-el-cicle-itinerant-de-musica-improvisada-de-catalunya\/","title":{"rendered":"Les quatre propostes del cIMIc, el Cicle Itinerant de M\u00fasica Improvisada de Catalunya"},"content":{"rendered":"<p>Des del mes de gener fins a l\u2019abril, el Cicle Itinerant de M\u00fasica Improvisada de Catalunya (cIMIc) celebra la seva tercera edici\u00f3 amb quatre propostes de m\u00fasica que giraran a cinc ciutats i espais diferents de Catalunya, entre els quals hi ha l\u2019Espai Eat Art de Banyoles i l\u2019Espai Isern Dalmau de Barcelona de la Fundaci\u00f3 Llu\u00eds Coromina.<\/p>\n<p>Una\u00a0proposta musical organitzada per DUOT\u00a0que acollir\u00e0 les actuacions de Johannes N\u00e4stesj\u00f6 i Ferran Besalduch, Luz Prado,\u00a0Constanza Brn\u010di\u0107 i\u00a0Nuno Rebelo, i\u00a0Ibon RG.\u00a0Completen el circuit les ciutats d&#8217;Igualada (Cicle Cuir), Vic (Jazz Cava)\u00a0i Olot (Can Batet). El preu de les entrades pels concerts de l&#8217;Espai Eat Art i l&#8217;Espai Isern Dalmau \u00e9s de 5 euros, i es posaran a la venda el mateix dia, una hora abans de l\u2019inici.<\/p>\n<p>&nbsp;<\/p>\n<p><img loading=\"lazy\" decoding=\"async\" class=\"alignnone size-medium wp-image-6791\" src=\"http:\/\/test.fundaciolluiscoromina.org\/wp-content\/uploads\/2026\/01\/Grup-1-300x200.jpg\" alt=\"\" width=\"300\" height=\"200\" \/><\/p>\n<p><strong>JOHNNES N\u00c4STESJ\u00d6 + FERRAN BESALDUCH<\/strong><\/p>\n<p>Dimecres 14 de gener (20 h) &#8211; Espai Isern Dalmau<br \/>\nDivendres 16 de gener (20 h) &#8211; Espai Eat Art<\/p>\n<p>El contrabaixista suec Johannes N\u00e4stesj\u00f6 i el saxofonista badalon\u00ed Ferran Besalduch es van con\u00e8ixer el gener del 2015, tocant plegats entre barrils i centenars d&#8217;ampolles a les sessions clandestines \u00abBarrilades\u00bb, en una coneguda bodega del centre de Badalona. La connexi\u00f3 va ser total des de les primeres sonoritats que van unir el contrabaix amb el saxo baix. Des de llavors, s&#8217;han retrobat\u00a0en diferents escenaris d\u2019arreu i en dos enregistraments d&#8217;estudi que marquen l\u2019evoluci\u00f3 del duet: <em>The lost pawns<\/em>\u00a0(Discordian Records) i el nou disc que presenten sota el lema <em>The Bass is the Bass<\/em>.<\/p>\n<p>&nbsp;<\/p>\n<p><img loading=\"lazy\" decoding=\"async\" class=\"alignnone size-medium wp-image-6790\" src=\"http:\/\/test.fundaciolluiscoromina.org\/wp-content\/uploads\/2026\/01\/Luz-Prado-300x200.jpg\" alt=\"\" width=\"300\" height=\"200\" \/><\/p>\n<p><strong>LUZ PRADO<\/strong><\/p>\n<p>Dimecres 18 de febrer (20 h) &#8211; Espai Isern Dalmau<br \/>\nDivendres 20 de febrer\u00a0(20 h) &#8211; Espai Eat Art<\/p>\n<div>\n<p>Luz Prado (M\u00e0laga, 1985) \u00e9s m\u00fasica, violinista i <em>performer<\/em>. La seva obra parteix d\u2019una conviv\u00e8ncia constant amb el viol\u00ed i es planteja preguntes sobre la performativitat del so en l\u2019\u00e0mbit esc\u00e8nic. Q\u00fcestiona les relacions entre el cos, l\u2019instrument i l\u2019espai gr\u00e0cies a col\u00b7laboracions habituals amb artistes com Wade Matthews, Elena C\u00f3rdoba, Paz Rojo, Elsa Paricio, Jes\u00fas Rubio Gamo, Vito Gil-Delgado, Carlota Mantec\u00f3n o Alberto Cort\u00e9s. Les seves \u00faltimes peces s\u00f3n <em>Un viol\u00ed immens <\/em>(Teatro C\u00e1novas, M\u00e0laga, 2026), <em>L\u2019alteraci\u00f3 musical <\/em>(C3A, C\u00f2rdova, 2025) i <em>Museum Meditations<\/em> (Museu Thyssen, M\u00e0laga, 2024)..<\/p>\n<p>&nbsp;<\/p>\n<div>\n<p><img loading=\"lazy\" decoding=\"async\" class=\"alignnone size-medium wp-image-6788\" src=\"http:\/\/test.fundaciolluiscoromina.org\/wp-content\/uploads\/2026\/01\/Constanza-i-Nuno-300x200.jpg\" alt=\"\" width=\"300\" height=\"200\" srcset=\"http:\/\/fundaciolluiscoromina.org\/wp-content\/uploads\/2026\/01\/Constanza-i-Nuno-300x200.jpg 300w, http:\/\/fundaciolluiscoromina.org\/wp-content\/uploads\/2026\/01\/Constanza-i-Nuno.jpg 580w\" sizes=\"auto, (max-width: 300px) 100vw, 300px\" \/><\/p>\n<p><strong>NUNO REBELO +\u00a0CONSTANZA BRN\u010cI\u0106<\/strong><\/p>\n<p>Dimecres 11 de mar\u00e7 (20 h) &#8211; Espai Isern Dalmau<br \/>\nDivendres 13 de mar\u00e7 (20 h) &#8211; Espai Eat Art<\/p>\n<div>\n<p>El compositor i guitarrista experimental de llarga traject\u00f2ria Nuno Rebelo i la ballarina, core\u00f2grafa i investigadora Constanza Brn\u010di\u0107 col\u00b7laboren des de fa anys en diversos treballs de creaci\u00f3 esc\u00e8nica. L\u2019inter\u00e8s que ambd\u00f3s comparteixen per les m\u00fasiques experimentals, la improvisaci\u00f3 i el plaer pel joc performatiu, els ha portat a trobar-se en diferents ocasions i contextos per improvisar amb el so i el moviment. A partir d\u2019aquestes trobades \u2014algunes amb p\u00fablic, d\u2019altres a porta tancada\u2014, ha sorgit un llenguatge espec\u00edfic que combina l\u2019acci\u00f3 f\u00edsica i la creaci\u00f3 musical..<\/p>\n<p>&nbsp;<\/p>\n<div><img loading=\"lazy\" decoding=\"async\" class=\"alignnone size-medium wp-image-6789\" src=\"http:\/\/test.fundaciolluiscoromina.org\/wp-content\/uploads\/2026\/01\/Ibon-300x200.jpg\" alt=\"\" width=\"300\" height=\"200\" srcset=\"http:\/\/fundaciolluiscoromina.org\/wp-content\/uploads\/2026\/01\/Ibon-300x200.jpg 300w, http:\/\/fundaciolluiscoromina.org\/wp-content\/uploads\/2026\/01\/Ibon.jpg 580w\" sizes=\"auto, (max-width: 300px) 100vw, 300px\" \/><\/div>\n<div><\/div>\n<div><\/div>\n<p><strong>IBON RG<\/strong><\/p>\n<p>Dimecres 8 d&#8217;abril (20 h) &#8211; Espai Isern Dalmau<br \/>\nDivendres 10 d&#8217;abril (20 h) &#8211; Espai Eat Art<\/p>\n<div>ibonrg (Sestao, Biscaia, 1978) \u00e9s actiu dins l\u2019escena musical experimental del Pa\u00eds Basc, tant com a improvisador i compositor com tamb\u00e9 com a organitzador, col\u00b7laborador i difusor. Participa i ha participat en nombrosos projectes al costat d\u2019artistes com Garazi Navas, Enrike Hurtado o Miguel A. Garc\u00eda, aix\u00ed com de grups com Eten i Txaranga Urretabizkaia. \u00c9s multiinstrumentista, per\u00f2 en els darrers anys la seva feina s\u2019ha centrat gaireb\u00e9 exclusivament en la veu.<\/div>\n<div><\/div>\n<\/div>\n<\/div>\n<\/div>\n","protected":false},"excerpt":{"rendered":"<p>Des del mes de gener fins a l\u2019abril, el Cicle Itinerant de M\u00fasica Improvisada de Catalunya (cIMIc) celebra la seva &#8230;<\/p>\n","protected":false},"author":1,"featured_media":6805,"comment_status":"closed","ping_status":"open","sticky":false,"template":"","format":"standard","meta":{"footnotes":""},"categories":[14,10,228,17],"tags":[],"class_list":["post-6787","post","type-post","status-publish","format-standard","has-post-thumbnail","hentry","category-accions-culturals","category-activitats","category-exposicions-espai-isern-dalmau","category-exposicions-espai-eat-art"],"_links":{"self":[{"href":"http:\/\/fundaciolluiscoromina.org\/index.php\/wp-json\/wp\/v2\/posts\/6787","targetHints":{"allow":["GET"]}}],"collection":[{"href":"http:\/\/fundaciolluiscoromina.org\/index.php\/wp-json\/wp\/v2\/posts"}],"about":[{"href":"http:\/\/fundaciolluiscoromina.org\/index.php\/wp-json\/wp\/v2\/types\/post"}],"author":[{"embeddable":true,"href":"http:\/\/fundaciolluiscoromina.org\/index.php\/wp-json\/wp\/v2\/users\/1"}],"replies":[{"embeddable":true,"href":"http:\/\/fundaciolluiscoromina.org\/index.php\/wp-json\/wp\/v2\/comments?post=6787"}],"version-history":[{"count":2,"href":"http:\/\/fundaciolluiscoromina.org\/index.php\/wp-json\/wp\/v2\/posts\/6787\/revisions"}],"predecessor-version":[{"id":7947,"href":"http:\/\/fundaciolluiscoromina.org\/index.php\/wp-json\/wp\/v2\/posts\/6787\/revisions\/7947"}],"wp:featuredmedia":[{"embeddable":true,"href":"http:\/\/fundaciolluiscoromina.org\/index.php\/wp-json\/wp\/v2\/media\/6805"}],"wp:attachment":[{"href":"http:\/\/fundaciolluiscoromina.org\/index.php\/wp-json\/wp\/v2\/media?parent=6787"}],"wp:term":[{"taxonomy":"category","embeddable":true,"href":"http:\/\/fundaciolluiscoromina.org\/index.php\/wp-json\/wp\/v2\/categories?post=6787"},{"taxonomy":"post_tag","embeddable":true,"href":"http:\/\/fundaciolluiscoromina.org\/index.php\/wp-json\/wp\/v2\/tags?post=6787"}],"curies":[{"name":"wp","href":"https:\/\/api.w.org\/{rel}","templated":true}]}}