{"id":684,"date":"2011-07-22T19:57:04","date_gmt":"2011-07-22T19:57:04","guid":{"rendered":"http:\/\/espaieatart.wordpress.com\/?p=684"},"modified":"2011-07-22T19:57:04","modified_gmt":"2011-07-22T19:57:04","slug":"la-figura-de-lluis-vila-per-dinamitzar-banyoles-eduard-batlle","status":"publish","type":"post","link":"http:\/\/fundaciolluiscoromina.org\/index.php\/2011\/07\/22\/la-figura-de-lluis-vila-per-dinamitzar-banyoles-eduard-batlle\/","title":{"rendered":"La figura de Llu\u00eds Vil\u00e0 per dinamitzar Banyoles \/ Eduard Batlle"},"content":{"rendered":"<div id=\"attachment_972\" style=\"width: 230px\" class=\"wp-caption alignnone\"><a href=\"http:\/\/espaieatart.files.wordpress.com\/2011\/07\/img_1130.jpg\"><img loading=\"lazy\" decoding=\"async\" aria-describedby=\"caption-attachment-972\" class=\"wp-image-972 \" title=\"IMG_1130\" src=\"http:\/\/espaieatart.files.wordpress.com\/2011\/07\/img_1130.jpg\" alt=\"\" width=\"220\" height=\"294\" \/><\/a><a href=\"http:\/\/espaieatart.files.wordpress.com\/2011\/07\/img_1131.jpg\"><img loading=\"lazy\" decoding=\"async\" aria-describedby=\"caption-attachment-972\" class=\"alignnone  wp-image-973\" title=\"IMG_1131\" src=\"http:\/\/espaieatart.files.wordpress.com\/2011\/07\/img_1131.jpg\" alt=\"\" width=\"219\" height=\"301\" \/><\/a><p id=\"caption-attachment-972\" class=\"wp-caption-text\">Eduard Batlle al Llu\u00eds Vil\u00e0 showroom - El Puntal<\/p><\/div>\n<p>Escrit per <a title=\"Veure tots els articles de Eduard Batlle Rispau\" href=\"http:\/\/eduardbatlle.cat\/author\/rispau\/\">Eduard Batlle Rispau<\/a> on <abbr title=\"22-07-2011T07:57:04+0000\">22 juliol 2011 \u2013 7:57 am<\/abbr><\/p>\n<p>Va ser interessant escoltar dimecres els projectes i les idees que t\u00e9 l\u2019activista cultural <strong>Ricard Planas<\/strong> (<a href=\"http:\/\/www.bonart.cat\/\" target=\"_blank\">\u00e0nima de <strong>Bonart<\/strong><\/a>) per dinamitzar el nou espai <a href=\"http:\/\/www.lluisvila.com\/\" target=\"_blank\"><strong>Llu\u00eds Vil\u00e0 Showroom<\/strong><\/a> (<a href=\"http:\/\/www.revistadebanyoles.com\/index.php?option=com_k2&amp;view=item&amp;id=464:sinaugura-el-llu%C3%ADs-vil%C3%A0-showroom-al-puntal-darts-de-banyoles&amp;Itemid=50\" target=\"_blank\">recent inaugurat<\/a>), que t\u00e9 com a objectiu potenciar el llegat de l\u2019artista i al mateix temps promoure el <strong>Puntal d\u2019Arts i <a href=\"http:\/\/www.banyoles.cat\/\" target=\"_blank\">Banyoles<\/a><\/strong>. Mantenir viva l\u2019obra de l\u2019artista contemporani m\u00e9s important del darrer segle de Banyoles \u00e9s un est\u00edmul per al director d\u2019aquest showroom, que reconeix el rol del mecenes <a href=\"http:\/\/www.fundaciolluiscoromina.org\/\" target=\"_blank\"><strong>Llu\u00eds Coromina<\/strong><\/a>: \u201c\u00e9s una sort tenir un empresari que t\u00e9 una sensibilitat per la cultura i que pot dinamitzar el teixit de serveis de la ciutat\u201d. I a m\u00e9s del showroom al Portal, Planas tamb\u00e9 vol potenciar l\u2019<strong><a href=\"http:\/\/www.espaieatart.com\/\" target=\"_blank\"><strong>Espai Eat Art<\/strong><\/a><\/strong>, que pot ser un punt de refer\u00e8ncia important a Catalunya si es combina el factor de l\u2019alimentaci\u00f3 amb l\u2019art, la hibridaci\u00f3 que defineix l\u2019obra de l\u2019artista. L\u2019Espai Eat Art, ubicat a la casa-taller de Vil\u00e0 a la Pla\u00e7a Major, encara est\u00e0 en fase de construcci\u00f3 per\u00f2 pot ser un bon referent una vegada comenci a dinamitzar els reptes que s\u2019ha anat proposant el seu director, sobretot, amb la filosofia de convertir-lo en centre d\u2019exposicions, activitats i la seva promoci\u00f3 a la xarxa.<\/p>\n<p>En global, la promoci\u00f3 de la figura de Llu\u00eds Vil\u00e0 \u00e9s un bon repte que encaixa en els nous temps amb la filosofia d\u2019hibridar segments de la societat: dinamitzar l\u2019art, lloar el mecenatge i potenciar la ciutat. En temps de crisi, promoure les idees i voler rendibilitzar-les amb l\u2019esperit de fer brillar els valors del territori sempre \u00e9s una actitud lloable i que cal encoratjar.<\/p>\n","protected":false},"excerpt":{"rendered":"<p>Escrit per Eduard Batlle Rispau on 22 juliol 2011 \u2013 7:57 am Va ser interessant escoltar dimecres els projectes i &#8230;<\/p>\n","protected":false},"author":1,"featured_media":972,"comment_status":"open","ping_status":"open","sticky":false,"template":"","format":"standard","meta":{"footnotes":""},"categories":[9],"tags":[],"class_list":["post-684","post","type-post","status-publish","format-standard","has-post-thumbnail","hentry","category-historic"],"_links":{"self":[{"href":"http:\/\/fundaciolluiscoromina.org\/index.php\/wp-json\/wp\/v2\/posts\/684","targetHints":{"allow":["GET"]}}],"collection":[{"href":"http:\/\/fundaciolluiscoromina.org\/index.php\/wp-json\/wp\/v2\/posts"}],"about":[{"href":"http:\/\/fundaciolluiscoromina.org\/index.php\/wp-json\/wp\/v2\/types\/post"}],"author":[{"embeddable":true,"href":"http:\/\/fundaciolluiscoromina.org\/index.php\/wp-json\/wp\/v2\/users\/1"}],"replies":[{"embeddable":true,"href":"http:\/\/fundaciolluiscoromina.org\/index.php\/wp-json\/wp\/v2\/comments?post=684"}],"version-history":[{"count":0,"href":"http:\/\/fundaciolluiscoromina.org\/index.php\/wp-json\/wp\/v2\/posts\/684\/revisions"}],"wp:attachment":[{"href":"http:\/\/fundaciolluiscoromina.org\/index.php\/wp-json\/wp\/v2\/media?parent=684"}],"wp:term":[{"taxonomy":"category","embeddable":true,"href":"http:\/\/fundaciolluiscoromina.org\/index.php\/wp-json\/wp\/v2\/categories?post=684"},{"taxonomy":"post_tag","embeddable":true,"href":"http:\/\/fundaciolluiscoromina.org\/index.php\/wp-json\/wp\/v2\/tags?post=684"}],"curies":[{"name":"wp","href":"https:\/\/api.w.org\/{rel}","templated":true}]}}