{"id":6851,"date":"2026-04-10T11:37:29","date_gmt":"2026-04-10T09:37:29","guid":{"rendered":"http:\/\/www.fundaciolluiscoromina.org\/?p=6851"},"modified":"2026-09-02T16:50:27","modified_gmt":"2026-09-02T14:50:27","slug":"lespai-isern-dalmau-de-barcelona-acull-lexposicio-tota-pedra-es-una-muntanya-en-potencia-danna-pasco-proposta-guanyadora-de-la-biennal-darts-visuals-ricard-cami","status":"publish","type":"post","link":"http:\/\/fundaciolluiscoromina.org\/index.php\/2026\/04\/10\/lespai-isern-dalmau-de-barcelona-acull-lexposicio-tota-pedra-es-una-muntanya-en-potencia-danna-pasco-proposta-guanyadora-de-la-biennal-darts-visuals-ricard-cami\/","title":{"rendered":"L&#8217;Espai Isern Dalmau de Barcelona acull l&#8217;exposici\u00f3 &#8216;Tota pedra \u00e9s una muntanya en pot\u00e8ncia&#8217; d&#8217;Anna Pasco, proposta guanyadora de la Biennal d&#8217;Arts Visuals Ricard Cam\u00ed"},"content":{"rendered":"<p>Des del divendres 10 d&#8217;abril fins al dissabte 6 de juny, l&#8217;Espai Isern Dalmau de Barcelona acollir\u00e0 l&#8217;exposici\u00f3 <em>Tota pedra \u00e9s una muntanya en pot\u00e8ncia<\/em>, dedicada a l\u2019artista Anna Pasco, guanyadora de la segona convocat\u00f2ria de la Biennal d\u2019Arts Visuals Ricard Cam\u00ed.\u00a0La presentaci\u00f3 oficial de la mostra tindr\u00e0 lloc el dimecres 29 d\u2019abril a les 19 h.<\/p>\n<p>El projecte va estar seleccionat per la seva mirada avan\u00e7ada i compromesa amb les problem\u00e0tiques mediambientals, aix\u00ed com per la solidesa conceptual del projecte, que fusiona art, biologia, geologia i tecnologia per reflexionar sobre la interdepend\u00e8ncia entre els ecosistemes marins i les activitats humanes.\u00a0A trav\u00e9s d\u2019aquesta mostra que ara ens presenta aconsegueix connectar el p\u00fablic amb l\u2019entorn mar\u00ed, i promoure una nova visi\u00f3 sobre la sostenibilitat i la cura de la biodiversitat.<\/p>\n","protected":false},"excerpt":{"rendered":"<p>Des del divendres 10 d&#8217;abril fins al dissabte 6 de juny, l&#8217;Espai Isern Dalmau de Barcelona acollir\u00e0 l&#8217;exposici\u00f3 Tota pedra &#8230;<\/p>\n","protected":false},"author":1,"featured_media":6852,"comment_status":"closed","ping_status":"open","sticky":false,"template":"","format":"standard","meta":{"footnotes":""},"categories":[14,15,10,228],"tags":[],"class_list":["post-6851","post","type-post","status-publish","format-standard","has-post-thumbnail","hentry","category-accions-culturals","category-accions-socials","category-activitats","category-exposicions-espai-isern-dalmau"],"_links":{"self":[{"href":"http:\/\/fundaciolluiscoromina.org\/index.php\/wp-json\/wp\/v2\/posts\/6851","targetHints":{"allow":["GET"]}}],"collection":[{"href":"http:\/\/fundaciolluiscoromina.org\/index.php\/wp-json\/wp\/v2\/posts"}],"about":[{"href":"http:\/\/fundaciolluiscoromina.org\/index.php\/wp-json\/wp\/v2\/types\/post"}],"author":[{"embeddable":true,"href":"http:\/\/fundaciolluiscoromina.org\/index.php\/wp-json\/wp\/v2\/users\/1"}],"replies":[{"embeddable":true,"href":"http:\/\/fundaciolluiscoromina.org\/index.php\/wp-json\/wp\/v2\/comments?post=6851"}],"version-history":[{"count":1,"href":"http:\/\/fundaciolluiscoromina.org\/index.php\/wp-json\/wp\/v2\/posts\/6851\/revisions"}],"predecessor-version":[{"id":8750,"href":"http:\/\/fundaciolluiscoromina.org\/index.php\/wp-json\/wp\/v2\/posts\/6851\/revisions\/8750"}],"wp:featuredmedia":[{"embeddable":true,"href":"http:\/\/fundaciolluiscoromina.org\/index.php\/wp-json\/wp\/v2\/media\/6852"}],"wp:attachment":[{"href":"http:\/\/fundaciolluiscoromina.org\/index.php\/wp-json\/wp\/v2\/media?parent=6851"}],"wp:term":[{"taxonomy":"category","embeddable":true,"href":"http:\/\/fundaciolluiscoromina.org\/index.php\/wp-json\/wp\/v2\/categories?post=6851"},{"taxonomy":"post_tag","embeddable":true,"href":"http:\/\/fundaciolluiscoromina.org\/index.php\/wp-json\/wp\/v2\/tags?post=6851"}],"curies":[{"name":"wp","href":"https:\/\/api.w.org\/{rel}","templated":true}]}}