{"id":6864,"date":"2026-04-15T12:42:33","date_gmt":"2026-04-15T10:42:33","guid":{"rendered":"http:\/\/www.fundaciolluiscoromina.org\/?p=6864"},"modified":"2026-09-02T16:50:27","modified_gmt":"2026-09-02T14:50:27","slug":"mito-collective-presentara-lobra-consultorio-mitologico-a-la-residencia-privada-de-lluis-coromina-abans-de-viatjar-a-venecia","status":"publish","type":"post","link":"http:\/\/fundaciolluiscoromina.org\/index.php\/2026\/04\/15\/mito-collective-presentara-lobra-consultorio-mitologico-a-la-residencia-privada-de-lluis-coromina-abans-de-viatjar-a-venecia\/","title":{"rendered":"MITO presenta l&#8217;obra &#8216;Consultorio Mitol\u00f3gico&#8217; a la resid\u00e8ncia privada de Llu\u00eds Coromina, abans de viatjar a Ven\u00e8cia"},"content":{"rendered":"<p>El reconegut col\u00b7lectiu art\u00edstic MITO Collective ha ofert una presentaci\u00f3 de la seva nova obra,<em>\u00a0Consultorio Mitol\u00f3gico,<\/em>\u00a0en un acte a la resid\u00e8ncia privada del mecenes i gestor cultural Llu\u00eds Coromina en un acte. Comissariada per\u00a0\u00c1lex Brahim i Giovanna Cicutto, es tracta d&#8217;una instal\u00b7laci\u00f3 art\u00edstica interactiva recentment adquirida per la Fundaci\u00f3 Llu\u00eds Coromina Isern, en qu\u00e8 el p\u00fablic formula preguntes i rep sent\u00e8ncies inspirades en arquetips, mites antics i \u00eddols de la cultura contempor\u00e0nia. Una m\u00e0quina a mig cam\u00ed entre una cabina telef\u00f2nica i una c\u00e0psula del temps, que treballa des d&#8217;una l\u00f2gica rob\u00f2tica i afectiva.<\/p>\n<p>Despr\u00e9s d&#8217;aquest acte, la instal\u00b7laci\u00f3 art\u00edstica viatjar\u00e0 fins a Ven\u00e8cia durant la Biennal d&#8217;Art i el Festival de Cinema, i es podr\u00e0 visitar a l&#8217;Hotel Monaco Grand Canal des del 8 de maig fins al 22 de novembre de 2026.<\/p>\n<p data-start=\"0\" data-end=\"239\">MITO \u00e9s un col\u00b7lectiu art\u00edstic barcelon\u00ed que treballa amb i a partir dels mites que configuren la nostra realitat, barrejant all\u00f2 arc\u00e0 i all\u00f2 arquet\u00edpic amb els estereotips, creences i \u00eddols de la contemporane\u00eftat. Format per\u00a0Enrique Baeza i Quim Bonastra, aquest projecte\u00a0ha aconseguit un abast global, amb projectes a l\u2019espai p\u00fablic en m\u00e9s de 30 ciutats d\u2019arreu del m\u00f3n i en plataformes com l\u2019Eye\u2019s Walk Festival a Syros (Gr\u00e8cia), el Surface Conversion Project a Nova York, la Universitat Tecnol\u00f2gica de Sydney, l\u2019European Spring School on History of Science, la Universitat Estatal de Rio de Janeiro o l\u2019Accademia di Belle Arti de Ven\u00e8cia, entre moltes altres.<\/p>\n<p data-start=\"0\" data-end=\"239\"><img loading=\"lazy\" decoding=\"async\" class=\"alignnone size-medium wp-image-6882\" src=\"http:\/\/test.fundaciolluiscoromina.org\/wp-content\/uploads\/2026\/04\/20260415_120849-1-300x225.jpg\" alt=\"\" width=\"300\" height=\"225\" \/><\/p>\n<p data-start=\"0\" data-end=\"239\">\u00a0<img loading=\"lazy\" decoding=\"async\" class=\"alignnone size-medium wp-image-6878\" src=\"http:\/\/test.fundaciolluiscoromina.org\/wp-content\/uploads\/2026\/04\/20260415_121329-300x225.jpg\" alt=\"\" width=\"300\" height=\"225\" \/><\/p>\n<p data-start=\"0\" data-end=\"239\">\u00a0<img loading=\"lazy\" decoding=\"async\" class=\"alignnone size-medium wp-image-6881\" src=\"http:\/\/test.fundaciolluiscoromina.org\/wp-content\/uploads\/2026\/04\/20260415_123405-300x225.jpg\" alt=\"\" width=\"300\" height=\"225\" srcset=\"http:\/\/fundaciolluiscoromina.org\/wp-content\/uploads\/2026\/04\/20260415_123405-300x225.jpg 300w, http:\/\/fundaciolluiscoromina.org\/wp-content\/uploads\/2026\/04\/20260415_123405-1024x768.jpg 1024w, http:\/\/fundaciolluiscoromina.org\/wp-content\/uploads\/2026\/04\/20260415_123405-768x576.jpg 768w, http:\/\/fundaciolluiscoromina.org\/wp-content\/uploads\/2026\/04\/20260415_123405-1536x1152.jpg 1536w, http:\/\/fundaciolluiscoromina.org\/wp-content\/uploads\/2026\/04\/20260415_123405.jpg 2000w\" sizes=\"auto, (max-width: 300px) 100vw, 300px\" \/><\/p>\n","protected":false},"excerpt":{"rendered":"<p>El reconegut col\u00b7lectiu art\u00edstic MITO Collective ha ofert una presentaci\u00f3 de la seva nova obra,\u00a0Consultorio Mitol\u00f3gico,\u00a0en un acte a la &#8230;<\/p>\n","protected":false},"author":1,"featured_media":6876,"comment_status":"closed","ping_status":"open","sticky":false,"template":"","format":"standard","meta":{"footnotes":""},"categories":[14,15,10],"tags":[],"class_list":["post-6864","post","type-post","status-publish","format-standard","has-post-thumbnail","hentry","category-accions-culturals","category-accions-socials","category-activitats"],"_links":{"self":[{"href":"http:\/\/fundaciolluiscoromina.org\/index.php\/wp-json\/wp\/v2\/posts\/6864","targetHints":{"allow":["GET"]}}],"collection":[{"href":"http:\/\/fundaciolluiscoromina.org\/index.php\/wp-json\/wp\/v2\/posts"}],"about":[{"href":"http:\/\/fundaciolluiscoromina.org\/index.php\/wp-json\/wp\/v2\/types\/post"}],"author":[{"embeddable":true,"href":"http:\/\/fundaciolluiscoromina.org\/index.php\/wp-json\/wp\/v2\/users\/1"}],"replies":[{"embeddable":true,"href":"http:\/\/fundaciolluiscoromina.org\/index.php\/wp-json\/wp\/v2\/comments?post=6864"}],"version-history":[{"count":1,"href":"http:\/\/fundaciolluiscoromina.org\/index.php\/wp-json\/wp\/v2\/posts\/6864\/revisions"}],"predecessor-version":[{"id":8749,"href":"http:\/\/fundaciolluiscoromina.org\/index.php\/wp-json\/wp\/v2\/posts\/6864\/revisions\/8749"}],"wp:featuredmedia":[{"embeddable":true,"href":"http:\/\/fundaciolluiscoromina.org\/index.php\/wp-json\/wp\/v2\/media\/6876"}],"wp:attachment":[{"href":"http:\/\/fundaciolluiscoromina.org\/index.php\/wp-json\/wp\/v2\/media?parent=6864"}],"wp:term":[{"taxonomy":"category","embeddable":true,"href":"http:\/\/fundaciolluiscoromina.org\/index.php\/wp-json\/wp\/v2\/categories?post=6864"},{"taxonomy":"post_tag","embeddable":true,"href":"http:\/\/fundaciolluiscoromina.org\/index.php\/wp-json\/wp\/v2\/tags?post=6864"}],"curies":[{"name":"wp","href":"https:\/\/api.w.org\/{rel}","templated":true}]}}