{"id":6905,"date":"2026-05-11T15:07:00","date_gmt":"2026-05-11T13:07:00","guid":{"rendered":"http:\/\/www.fundaciolluiscoromina.org\/?p=6905"},"modified":"2026-09-02T16:50:27","modified_gmt":"2026-09-02T14:50:27","slug":"presentacio-del-llibre-david-moner-lhome-que-feia-avancar-la-barca-de-jordi-baste-a-lespai-eat-art-de-banyoles","status":"publish","type":"post","link":"http:\/\/fundaciolluiscoromina.org\/index.php\/2026\/05\/11\/presentacio-del-llibre-david-moner-lhome-que-feia-avancar-la-barca-de-jordi-baste-a-lespai-eat-art-de-banyoles\/","title":{"rendered":"Presentaci\u00f3 del llibre &#8216;David Moner. L&#8217;home que feia avan\u00e7ar la barca&#8217; de Jordi Bast\u00e9 a l&#8217;Espai Eat Art de Banyoles"},"content":{"rendered":"<p>Aquest divendres 15 de maig, a les 18 h, l\u2019Espai Eat Art de Banyoles acollir\u00e0 la presentaci\u00f3 del llibre <em>David Moner. L\u2019home que feia avan\u00e7ar la barca,\u00a0<\/em>escrit pel\u00a0periodista Jordi Bast\u00e9 i amb il\u00b7lustraci\u00f3 de l\u2019artista Ivan Forcadell. Un homenatge a una de les figures imprescindibles de l&#8217;esport catal\u00e0, David Moner, que va ser president de la Uni\u00f3 de Federacions Esportives de Catalunya entre el 1996 i el 2014, i que ha estat molt vinculat a Banyoles.<\/p>\n<p>Un acte gratu\u00eft amb inscripci\u00f3 pr\u00e8via a <a href=\"https:\/\/ufec.typeform.com\/davidmoner\">aquest enlla\u00e7<\/a>.<\/p>\n","protected":false},"excerpt":{"rendered":"<p>Aquest divendres 15 de maig, a les 18 h, l\u2019Espai Eat Art de Banyoles acollir\u00e0 la presentaci\u00f3 del llibre David &#8230;<\/p>\n","protected":false},"author":1,"featured_media":9201,"comment_status":"closed","ping_status":"open","sticky":false,"template":"","format":"standard","meta":{"footnotes":""},"categories":[14,15,10,262,12],"tags":[],"class_list":["post-6905","post","type-post","status-publish","format-standard","has-post-thumbnail","hentry","category-accions-culturals","category-accions-socials","category-activitats","category-noticies","category-publicacions"],"_links":{"self":[{"href":"http:\/\/fundaciolluiscoromina.org\/index.php\/wp-json\/wp\/v2\/posts\/6905","targetHints":{"allow":["GET"]}}],"collection":[{"href":"http:\/\/fundaciolluiscoromina.org\/index.php\/wp-json\/wp\/v2\/posts"}],"about":[{"href":"http:\/\/fundaciolluiscoromina.org\/index.php\/wp-json\/wp\/v2\/types\/post"}],"author":[{"embeddable":true,"href":"http:\/\/fundaciolluiscoromina.org\/index.php\/wp-json\/wp\/v2\/users\/1"}],"replies":[{"embeddable":true,"href":"http:\/\/fundaciolluiscoromina.org\/index.php\/wp-json\/wp\/v2\/comments?post=6905"}],"version-history":[{"count":1,"href":"http:\/\/fundaciolluiscoromina.org\/index.php\/wp-json\/wp\/v2\/posts\/6905\/revisions"}],"predecessor-version":[{"id":9215,"href":"http:\/\/fundaciolluiscoromina.org\/index.php\/wp-json\/wp\/v2\/posts\/6905\/revisions\/9215"}],"wp:featuredmedia":[{"embeddable":true,"href":"http:\/\/fundaciolluiscoromina.org\/index.php\/wp-json\/wp\/v2\/media\/9201"}],"wp:attachment":[{"href":"http:\/\/fundaciolluiscoromina.org\/index.php\/wp-json\/wp\/v2\/media?parent=6905"}],"wp:term":[{"taxonomy":"category","embeddable":true,"href":"http:\/\/fundaciolluiscoromina.org\/index.php\/wp-json\/wp\/v2\/categories?post=6905"},{"taxonomy":"post_tag","embeddable":true,"href":"http:\/\/fundaciolluiscoromina.org\/index.php\/wp-json\/wp\/v2\/tags?post=6905"}],"curies":[{"name":"wp","href":"https:\/\/api.w.org\/{rel}","templated":true}]}}