{"id":6911,"date":"2026-05-26T14:01:23","date_gmt":"2026-05-26T12:01:23","guid":{"rendered":"http:\/\/www.fundaciolluiscoromina.org\/?p=6911"},"modified":"2026-09-02T16:50:27","modified_gmt":"2026-09-02T14:50:27","slug":"lespai-isern-dalmau-de-barcelona-acull-el-colloqui-tocant-fons-imaginar-en-profunditat-en-el-marc-de-lexposicio-danna-pasco","status":"publish","type":"post","link":"http:\/\/fundaciolluiscoromina.org\/index.php\/2026\/05\/26\/lespai-isern-dalmau-de-barcelona-acull-el-colloqui-tocant-fons-imaginar-en-profunditat-en-el-marc-de-lexposicio-danna-pasco\/","title":{"rendered":"L\u2019Espai Isern Dalmau de Barcelona acull el col\u00b7loqui \u2018Tocant fons: imaginar en profunditat\u2019, en el marc de l\u2019exposici\u00f3 d\u2019Anna Pasc\u00f3"},"content":{"rendered":"<p data-start=\"246\" data-end=\"534\">El pr\u00f2xim dimecres 3 de juny, a les 19 h, l\u2019Espai Isern Dalmau de Barcelona acollir\u00e0 el col\u00b7loqui <em data-start=\"344\" data-end=\"382\">Tocant fons: imaginar en profunditat<\/em>, una activitat vinculada a l\u2019exposici\u00f3 <a href=\"http:\/\/test.fundaciolluiscoromina.org\/lespai-isern-dalmau-de-barcelona-acull-lexposicio-tota-pedra-es-una-muntanya-en-potencia-danna-pasco-proposta-guanyadora-de-la-biennal-darts-visuals-ricard-cami\/\"><em data-start=\"422\" data-end=\"462\">Tota pedra \u00e9s una muntanya en pot\u00e8ncia<\/em><\/a> de l\u2019artista Anna Pasc\u00f3, que actualment es pot visitar al mateix espai.<\/p>\n<p data-start=\"536\" data-end=\"937\">La conversa estar\u00e0 moderada per la directora de la Fundaci\u00f3 Antigues Caixes Catalanes, Bel\u00e9n Latorre, i comptar\u00e0 amb la participaci\u00f3 de l\u2019artista Anna Pasc\u00f3, el ge\u00f2leg David Casas i l\u2019antrop\u00f2leg Alejandro Limpo. La trobada vol generar un espai de di\u00e0leg interdisciplinari al voltant de les q\u00fcestions que travessen el projecte expositiu i reflexionar sobre com s\u2019ha constru\u00eft l\u2019imaginari del fons mar\u00ed.<\/p>\n<p data-start=\"939\" data-end=\"1273\" data-is-last-node=\"\" data-is-only-node=\"\">L\u2019exposici\u00f3, que es podr\u00e0 visitar fins al dissabte 6 de juny, \u00e9s la proposta guanyadora de la segona convocat\u00f2ria de la Biennal d\u2019Arts Visuals Ricard Cam\u00ed. A trav\u00e9s de la fusi\u00f3 entre art, biologia, geologia i tecnologia, Anna Pasc\u00f3 planteja una reflexi\u00f3 sobre la interdepend\u00e8ncia entre els ecosistemes marins i les activitats humanes.<\/p>\n","protected":false},"excerpt":{"rendered":"<p>El pr\u00f2xim dimecres 3 de juny, a les 19 h, l\u2019Espai Isern Dalmau de Barcelona acollir\u00e0 el col\u00b7loqui Tocant fons: &#8230;<\/p>\n","protected":false},"author":1,"featured_media":9202,"comment_status":"closed","ping_status":"open","sticky":false,"template":"","format":"standard","meta":{"footnotes":""},"categories":[14,10,2,262],"tags":[],"class_list":["post-6911","post","type-post","status-publish","format-standard","has-post-thumbnail","hentry","category-accions-culturals","category-activitats","category-uncategorized","category-noticies"],"_links":{"self":[{"href":"http:\/\/fundaciolluiscoromina.org\/index.php\/wp-json\/wp\/v2\/posts\/6911","targetHints":{"allow":["GET"]}}],"collection":[{"href":"http:\/\/fundaciolluiscoromina.org\/index.php\/wp-json\/wp\/v2\/posts"}],"about":[{"href":"http:\/\/fundaciolluiscoromina.org\/index.php\/wp-json\/wp\/v2\/types\/post"}],"author":[{"embeddable":true,"href":"http:\/\/fundaciolluiscoromina.org\/index.php\/wp-json\/wp\/v2\/users\/1"}],"replies":[{"embeddable":true,"href":"http:\/\/fundaciolluiscoromina.org\/index.php\/wp-json\/wp\/v2\/comments?post=6911"}],"version-history":[{"count":1,"href":"http:\/\/fundaciolluiscoromina.org\/index.php\/wp-json\/wp\/v2\/posts\/6911\/revisions"}],"predecessor-version":[{"id":9214,"href":"http:\/\/fundaciolluiscoromina.org\/index.php\/wp-json\/wp\/v2\/posts\/6911\/revisions\/9214"}],"wp:featuredmedia":[{"embeddable":true,"href":"http:\/\/fundaciolluiscoromina.org\/index.php\/wp-json\/wp\/v2\/media\/9202"}],"wp:attachment":[{"href":"http:\/\/fundaciolluiscoromina.org\/index.php\/wp-json\/wp\/v2\/media?parent=6911"}],"wp:term":[{"taxonomy":"category","embeddable":true,"href":"http:\/\/fundaciolluiscoromina.org\/index.php\/wp-json\/wp\/v2\/categories?post=6911"},{"taxonomy":"post_tag","embeddable":true,"href":"http:\/\/fundaciolluiscoromina.org\/index.php\/wp-json\/wp\/v2\/tags?post=6911"}],"curies":[{"name":"wp","href":"https:\/\/api.w.org\/{rel}","templated":true}]}}