{"id":728,"date":"2011-09-16T13:23:22","date_gmt":"2011-09-16T13:23:22","guid":{"rendered":"http:\/\/espaieatart.wordpress.com\/?p=728"},"modified":"2011-09-16T13:23:22","modified_gmt":"2011-09-16T13:23:22","slug":"inauguracio-eat-more-disappear-de-rosalia-banet-a-lespai-eat-art-de-banyoles","status":"publish","type":"post","link":"http:\/\/fundaciolluiscoromina.org\/index.php\/2011\/09\/16\/inauguracio-eat-more-disappear-de-rosalia-banet-a-lespai-eat-art-de-banyoles\/","title":{"rendered":"Inauguraci\u00f3 EAT MORE DISAPPEAR de Rosal\u00eda Banet a l&#8217;Espai Eat Art de Banyoles"},"content":{"rendered":"<p style=\"text-align:center;\"><a href=\"http:\/\/espaieatart.files.wordpress.com\/2011\/09\/invitaciocc81-digital2.jpg\"><img loading=\"lazy\" decoding=\"async\" class=\"aligncenter size-full wp-image-730\" title=\"Invitacio\u0301 digital2 Rosal\u00eda banet 23 setembre 2011\" src=\"http:\/\/espaieatart.files.wordpress.com\/2011\/09\/invitaciocc81-digital2.jpg\" alt=\"\" width=\"640\" height=\"470\" \/><\/a><\/p>\n<p style=\"text-align:center;\">Us invitem a la inauguraci\u00f3 de EAT MORE DISAPPEAR de l&#8217;artista Rosal\u00eda Banet, divendres 23 de setembre 2011 a les 19h a l&#8217;Espai Eat Art Llu\u00eds Vil\u00e0 de Banyoles.<\/p>\n<p style=\"text-align:center;\">Al mateix temps que presentem la nova restructuraci\u00f3-ampliaci\u00f3 de la sala<\/p>\n<p style=\"text-align:center;\">Us-hi esperem!<\/p>\n<p>&nbsp;<\/p>\n","protected":false},"excerpt":{"rendered":"<p>Us invitem a la inauguraci\u00f3 de EAT MORE DISAPPEAR de l&#8217;artista Rosal\u00eda Banet, divendres 23 de setembre 2011 a les &#8230;<\/p>\n","protected":false},"author":1,"featured_media":730,"comment_status":"open","ping_status":"open","sticky":false,"template":"","format":"standard","meta":{"footnotes":""},"categories":[9],"tags":[],"class_list":["post-728","post","type-post","status-publish","format-standard","has-post-thumbnail","hentry","category-historic"],"_links":{"self":[{"href":"http:\/\/fundaciolluiscoromina.org\/index.php\/wp-json\/wp\/v2\/posts\/728","targetHints":{"allow":["GET"]}}],"collection":[{"href":"http:\/\/fundaciolluiscoromina.org\/index.php\/wp-json\/wp\/v2\/posts"}],"about":[{"href":"http:\/\/fundaciolluiscoromina.org\/index.php\/wp-json\/wp\/v2\/types\/post"}],"author":[{"embeddable":true,"href":"http:\/\/fundaciolluiscoromina.org\/index.php\/wp-json\/wp\/v2\/users\/1"}],"replies":[{"embeddable":true,"href":"http:\/\/fundaciolluiscoromina.org\/index.php\/wp-json\/wp\/v2\/comments?post=728"}],"version-history":[{"count":0,"href":"http:\/\/fundaciolluiscoromina.org\/index.php\/wp-json\/wp\/v2\/posts\/728\/revisions"}],"wp:attachment":[{"href":"http:\/\/fundaciolluiscoromina.org\/index.php\/wp-json\/wp\/v2\/media?parent=728"}],"wp:term":[{"taxonomy":"category","embeddable":true,"href":"http:\/\/fundaciolluiscoromina.org\/index.php\/wp-json\/wp\/v2\/categories?post=728"},{"taxonomy":"post_tag","embeddable":true,"href":"http:\/\/fundaciolluiscoromina.org\/index.php\/wp-json\/wp\/v2\/tags?post=728"}],"curies":[{"name":"wp","href":"https:\/\/api.w.org\/{rel}","templated":true}]}}