{"id":7353,"date":"2025-07-11T11:37:12","date_gmt":"2025-07-11T09:37:12","guid":{"rendered":"http:\/\/www.fundaciolluiscoromina.org\/?p=6611"},"modified":"2026-09-02T16:50:28","modified_gmt":"2026-09-02T14:50:28","slug":"la-novella-alimento-para-puma-de-matias-gotelli-premi-de-narrativa-diana-zaforteza","status":"publish","type":"post","link":"http:\/\/fundaciolluiscoromina.org\/index.php\/2025\/07\/11\/la-novella-alimento-para-puma-de-matias-gotelli-premi-de-narrativa-diana-zaforteza\/","title":{"rendered":"La novel\u00b7la &#8216;Alimento para puma&#8217; de Mat\u00edas Gotelli, premi de Narrativa Diana Zaforteza"},"content":{"rendered":"<p style=\"text-align: left;\" data-start=\"135\" data-end=\"485\">La novel\u00b7la <em data-start=\"149\" data-end=\"169\">Alimento para puma<\/em>, \u00f2pera prima de l\u2019escriptor i m\u00fasic argent\u00ed Mat\u00edas Gotelli, ha estat guardonada amb el <strong>Premi de Narrativa Diana Zaforteza<\/strong>, un certamen que celebra enguany la seva segona edici\u00f3 i que compta amb la col\u00b7laboraci\u00f3 de la Fundaci\u00f3 Llu\u00eds Coromina Isern.\u00a0L\u2019obra, presentada sota el pseud\u00f2nim Jaime Williams, ha estat seleccionada per unanimitat entre 268 manuscrits procedents de m\u00e9s de 24 pa\u00efsos.<\/p>\n<p style=\"text-align: left;\" data-start=\"487\" data-end=\"1211\">El jurat ha destacat \u201cl\u2019originalitat d\u2019aquesta novel\u00b7la ambientada en un territori sense llei amb tocs de <em>western<\/em> desolat, en qu\u00e8 la recerca del pare desaparegut i el desig de viure un fet irreversible guien el protagonista per un paisatge fantasmag\u00f2ric i hostil\u201d. <em data-start=\"752\" data-end=\"772\">Alimento para puma<\/em> t\u00e9, segons el jurat, \u201cun estil prec\u00eds, aspre i, alhora, l\u00edric; una cad\u00e8ncia inquietant\u201d. La novel\u00b7la guanyadora explica la hist\u00f2ria d\u2019en Miguel, un m\u00fasic de trenta anys que torna a la casa mig abandonada del seu pare desaparegut, al camp argent\u00ed, on el rep en Celso, un paraguai\u00e0 que cuida la finca. El que segueix, a m\u00e9s del naixement de l\u2019amistat entre en Miguel i en Celso, \u00e9s la relaci\u00f3 del protagonista amb aquest nou m\u00f3n desconegut.<\/p>\n<p style=\"text-align: left;\" data-start=\"1213\" data-end=\"1477\">El lliurament del premi, dotat amb 20.000 euros i amb el comprom\u00eds de publicaci\u00f3 a Galaxia Gutenberg, tindr\u00e0 lloc el proper 23 d\u2019octubre, moment en qu\u00e8 s\u2019obrir\u00e0 la nova convocat\u00f2ria del guard\u00f3. El Premi de Narrativa Diana Zaforteza ret homenatge a la\u00a0destacada editora mallorquina Diana <span class=\"hiddenSpellError\">Zaforteza<\/span>, desapareguda el passat 11 d\u2019octubre de 2022, i pret\u00e9n incentivar la innovaci\u00f3 liter\u00e0ria i promoure l\u2019autoria jove.<\/p>\n","protected":false},"excerpt":{"rendered":"<p>La novel\u00b7la Alimento para puma, \u00f2pera prima de l\u2019escriptor i m\u00fasic argent\u00ed Mat\u00edas Gotelli, ha estat guardonada amb el Premi &#8230;<\/p>\n","protected":false},"author":1,"featured_media":6612,"comment_status":"closed","ping_status":"open","sticky":false,"template":"","format":"standard","meta":{"footnotes":""},"categories":[14,15,10],"tags":[],"class_list":["post-7353","post","type-post","status-publish","format-standard","has-post-thumbnail","hentry","category-accions-culturals","category-accions-socials","category-activitats"],"_links":{"self":[{"href":"http:\/\/fundaciolluiscoromina.org\/index.php\/wp-json\/wp\/v2\/posts\/7353","targetHints":{"allow":["GET"]}}],"collection":[{"href":"http:\/\/fundaciolluiscoromina.org\/index.php\/wp-json\/wp\/v2\/posts"}],"about":[{"href":"http:\/\/fundaciolluiscoromina.org\/index.php\/wp-json\/wp\/v2\/types\/post"}],"author":[{"embeddable":true,"href":"http:\/\/fundaciolluiscoromina.org\/index.php\/wp-json\/wp\/v2\/users\/1"}],"replies":[{"embeddable":true,"href":"http:\/\/fundaciolluiscoromina.org\/index.php\/wp-json\/wp\/v2\/comments?post=7353"}],"version-history":[{"count":1,"href":"http:\/\/fundaciolluiscoromina.org\/index.php\/wp-json\/wp\/v2\/posts\/7353\/revisions"}],"predecessor-version":[{"id":9641,"href":"http:\/\/fundaciolluiscoromina.org\/index.php\/wp-json\/wp\/v2\/posts\/7353\/revisions\/9641"}],"wp:featuredmedia":[{"embeddable":true,"href":"http:\/\/fundaciolluiscoromina.org\/index.php\/wp-json\/wp\/v2\/media\/6612"}],"wp:attachment":[{"href":"http:\/\/fundaciolluiscoromina.org\/index.php\/wp-json\/wp\/v2\/media?parent=7353"}],"wp:term":[{"taxonomy":"category","embeddable":true,"href":"http:\/\/fundaciolluiscoromina.org\/index.php\/wp-json\/wp\/v2\/categories?post=7353"},{"taxonomy":"post_tag","embeddable":true,"href":"http:\/\/fundaciolluiscoromina.org\/index.php\/wp-json\/wp\/v2\/tags?post=7353"}],"curies":[{"name":"wp","href":"https:\/\/api.w.org\/{rel}","templated":true}]}}