{"id":7354,"date":"2025-07-16T13:34:21","date_gmt":"2025-07-16T11:34:21","guid":{"rendered":"http:\/\/www.fundaciolluiscoromina.org\/?p=6617"},"modified":"2026-09-02T16:50:28","modified_gmt":"2026-09-02T14:50:28","slug":"lexposicio-dibuix-en-directe-de-lespai-eat-art-de-banyoles-sallarga-fins-al-13-de-setembre","status":"publish","type":"post","link":"http:\/\/fundaciolluiscoromina.org\/index.php\/2025\/07\/16\/lexposicio-dibuix-en-directe-de-lespai-eat-art-de-banyoles-sallarga-fins-al-13-de-setembre\/","title":{"rendered":"L&#8217;exposici\u00f3 &#8216;Dibuix en directe&#8217; de l&#8217;Espai Eat Art de Banyoles s&#8217;allarga fins al 13 de setembre"},"content":{"rendered":"<p>L&#8217;exposici\u00f3\u00a0<em>Dibuix en directe<\/em>, que es va inaugurar a l&#8217;Espai Eat Art el 19 de juny<strong>\u00a0<\/strong>en el marc de la 21a\u00a0edici\u00f3 de\u00a0l\u2019<a href=\"http:\/\/www.aphonica.banyoles.cat\/\" data-cke-saved-href=\"http:\/\/www.aphonica.banyoles.cat\/\">(a)ph\u00f2nica, el Festival de la Veu de Banyoles<\/a>, allargar\u00e0 la seva estada a l&#8217;espai de la Fundaci\u00f3 Llu\u00eds Coromina Isern fins al dissabte 13 de setembre de 2025.<\/p>\n<p>Amb llapis, tinta o aquarel\u00b7la a la m\u00e0, els il\u00b7lustradors i il\u00b7lustradores de l\u2019(a)ph\u00f2nica recorren el festival com si fos un paisatge sonor per dibuixar. Cada tra\u00e7 captura una veu, un gest, una emoci\u00f3 fuga\u00e7. Diferents mans, diferents mirades, diferents estils que conflueixen en una exposici\u00f3 viva i org\u00e0nica, que creix al ritme del festival. La m\u00e0gia ef\u00edmera de l\u2019instant viscut i compartit.<\/p>\n<p><strong>Horaris:<\/strong><\/p>\n<p>De dimecres a divendres: de 16 h a 20 h<br \/>\nDissabtes de 10 a 14 h i de 16 a 20 h<\/p>\n","protected":false},"excerpt":{"rendered":"<p>L&#8217;exposici\u00f3\u00a0Dibuix en directe, que es va inaugurar a l&#8217;Espai Eat Art el 19 de juny\u00a0en el marc de la 21a\u00a0edici\u00f3 &#8230;<\/p>\n","protected":false},"author":1,"featured_media":6618,"comment_status":"closed","ping_status":"open","sticky":false,"template":"","format":"standard","meta":{"footnotes":""},"categories":[14,10,259,17],"tags":[],"class_list":["post-7354","post","type-post","status-publish","format-standard","has-post-thumbnail","hentry","category-accions-culturals","category-activitats","category-exposicio-actual","category-exposicions-espai-eat-art"],"_links":{"self":[{"href":"http:\/\/fundaciolluiscoromina.org\/index.php\/wp-json\/wp\/v2\/posts\/7354","targetHints":{"allow":["GET"]}}],"collection":[{"href":"http:\/\/fundaciolluiscoromina.org\/index.php\/wp-json\/wp\/v2\/posts"}],"about":[{"href":"http:\/\/fundaciolluiscoromina.org\/index.php\/wp-json\/wp\/v2\/types\/post"}],"author":[{"embeddable":true,"href":"http:\/\/fundaciolluiscoromina.org\/index.php\/wp-json\/wp\/v2\/users\/1"}],"replies":[{"embeddable":true,"href":"http:\/\/fundaciolluiscoromina.org\/index.php\/wp-json\/wp\/v2\/comments?post=7354"}],"version-history":[{"count":1,"href":"http:\/\/fundaciolluiscoromina.org\/index.php\/wp-json\/wp\/v2\/posts\/7354\/revisions"}],"predecessor-version":[{"id":7357,"href":"http:\/\/fundaciolluiscoromina.org\/index.php\/wp-json\/wp\/v2\/posts\/7354\/revisions\/7357"}],"wp:featuredmedia":[{"embeddable":true,"href":"http:\/\/fundaciolluiscoromina.org\/index.php\/wp-json\/wp\/v2\/media\/6618"}],"wp:attachment":[{"href":"http:\/\/fundaciolluiscoromina.org\/index.php\/wp-json\/wp\/v2\/media?parent=7354"}],"wp:term":[{"taxonomy":"category","embeddable":true,"href":"http:\/\/fundaciolluiscoromina.org\/index.php\/wp-json\/wp\/v2\/categories?post=7354"},{"taxonomy":"post_tag","embeddable":true,"href":"http:\/\/fundaciolluiscoromina.org\/index.php\/wp-json\/wp\/v2\/tags?post=7354"}],"curies":[{"name":"wp","href":"https:\/\/api.w.org\/{rel}","templated":true}]}}