{"id":7356,"date":"2025-07-30T14:33:10","date_gmt":"2025-07-30T12:33:10","guid":{"rendered":"http:\/\/www.fundaciolluiscoromina.org\/?p=6628"},"modified":"2026-09-02T16:50:28","modified_gmt":"2026-09-02T14:50:28","slug":"curtis-phill-hsu-premi-fundacio-lluis-coromina-del-concurs-internacional-de-musica-maria-canals","status":"publish","type":"post","link":"http:\/\/fundaciolluiscoromina.org\/index.php\/2025\/07\/30\/curtis-phill-hsu-premi-fundacio-lluis-coromina-del-concurs-internacional-de-musica-maria-canals\/","title":{"rendered":"Curtis Phill Hsu, Premi Fundaci\u00f3 Llu\u00eds Coromina Isern del Concurs Internacional de M\u00fasica Maria Canals"},"content":{"rendered":"<p>Un any m\u00e9s, la Fundaci\u00f3 Llu\u00eds Coromina Isern ha col\u00b7laborat amb el <a href=\"https:\/\/www.mariacanals.org\/es\/\">Concurs Internacional de M\u00fasica Maria Canals<\/a> a trav\u00e9s de l\u2019apartat Premis Concert. La 70\u00aa edici\u00f3 d\u2019aquest certamen ha tornat a comptar amb el Premi Fundaci\u00f3 Llu\u00eds Coromina Isern, que dona l\u2019oportunitat a un dels finalistes d\u2019oferir un concert dins el marc de la programaci\u00f3 d\u2019estiu de l\u2019Auditori de Girona. Enguany aquest guard\u00f3 se l\u2019ha endut el pianista estatunidenc\u00a0<strong>Curtis Phill Hsu<\/strong>, que actuar\u00e0 al cicle <em>Notes al parc<\/em> de l&#8217;Auditori de Girona i La Marf\u00e0-Centre de Creaci\u00f3 el dissabte 23 d&#8217;agost, a les 20 h a la pla\u00e7a de les Botxes. Un concert gratu\u00eft en qu\u00e8 oferir\u00e0\u00a0<em>Obres de Granados,<\/em> de Debussy i Mussorgsky.<\/p>\n<p>Aquest jove int\u00e8rpret, nascut l\u2019any 2004 a Alabama, va estudiar amb Andreas Weber dins el programa d&#8217;alt talent de l&#8217;Institut Leopold Mozart. Curtis ha estat guardonat en nombrosos concursos internacionals de piano i, entre d\u2019altres, va guanyar el primer premi al 17\u00e8 Concurs Internacional de Hastings, el premi del Festival d&#8217;Auvers-sur-Oise, i aquest 2025 va rebre el Premi Fundaci\u00f3 Occident i va ser guanyador del 70\u00e8 Concurs Internacional de Piano Maria Canals. Un pianista que, segons la cr\u00edtica, destaca pel seu temperament, energia i espectacular t\u00e8cnica.<\/p>\n","protected":false},"excerpt":{"rendered":"<p>Un any m\u00e9s, la Fundaci\u00f3 Llu\u00eds Coromina Isern ha col\u00b7laborat amb el Concurs Internacional de M\u00fasica Maria Canals a trav\u00e9s &#8230;<\/p>\n","protected":false},"author":1,"featured_media":6629,"comment_status":"closed","ping_status":"open","sticky":false,"template":"","format":"standard","meta":{"footnotes":""},"categories":[14,15,10,11],"tags":[],"class_list":["post-7356","post","type-post","status-publish","format-standard","has-post-thumbnail","hentry","category-accions-culturals","category-accions-socials","category-activitats","category-educacio-2"],"_links":{"self":[{"href":"http:\/\/fundaciolluiscoromina.org\/index.php\/wp-json\/wp\/v2\/posts\/7356","targetHints":{"allow":["GET"]}}],"collection":[{"href":"http:\/\/fundaciolluiscoromina.org\/index.php\/wp-json\/wp\/v2\/posts"}],"about":[{"href":"http:\/\/fundaciolluiscoromina.org\/index.php\/wp-json\/wp\/v2\/types\/post"}],"author":[{"embeddable":true,"href":"http:\/\/fundaciolluiscoromina.org\/index.php\/wp-json\/wp\/v2\/users\/1"}],"replies":[{"embeddable":true,"href":"http:\/\/fundaciolluiscoromina.org\/index.php\/wp-json\/wp\/v2\/comments?post=7356"}],"version-history":[{"count":1,"href":"http:\/\/fundaciolluiscoromina.org\/index.php\/wp-json\/wp\/v2\/posts\/7356\/revisions"}],"predecessor-version":[{"id":9640,"href":"http:\/\/fundaciolluiscoromina.org\/index.php\/wp-json\/wp\/v2\/posts\/7356\/revisions\/9640"}],"wp:featuredmedia":[{"embeddable":true,"href":"http:\/\/fundaciolluiscoromina.org\/index.php\/wp-json\/wp\/v2\/media\/6629"}],"wp:attachment":[{"href":"http:\/\/fundaciolluiscoromina.org\/index.php\/wp-json\/wp\/v2\/media?parent=7356"}],"wp:term":[{"taxonomy":"category","embeddable":true,"href":"http:\/\/fundaciolluiscoromina.org\/index.php\/wp-json\/wp\/v2\/categories?post=7356"},{"taxonomy":"post_tag","embeddable":true,"href":"http:\/\/fundaciolluiscoromina.org\/index.php\/wp-json\/wp\/v2\/tags?post=7356"}],"curies":[{"name":"wp","href":"https:\/\/api.w.org\/{rel}","templated":true}]}}