{"id":740,"date":"2011-09-17T14:33:11","date_gmt":"2011-09-17T14:33:11","guid":{"rendered":"http:\/\/espaieatart.wordpress.com\/?p=740"},"modified":"2011-09-17T14:33:11","modified_gmt":"2011-09-17T14:33:11","slug":"3a-edicio-dels-premis-banyoli-de-lany-2011","status":"publish","type":"post","link":"http:\/\/fundaciolluiscoromina.org\/index.php\/2011\/09\/17\/3a-edicio-dels-premis-banyoli-de-lany-2011\/","title":{"rendered":"3a edici\u00f3 dels Premis Banyol\u00ed de l&#8217;Any (2011) amb obres de Llu\u00eds Vil\u00e0"},"content":{"rendered":"<p style=\"text-align:justify;\"><a href=\"http:\/\/espaieatart.files.wordpress.com\/2011\/09\/escultura-banyolicc81-de-lany-vilacc80.jpg\"><img loading=\"lazy\" decoding=\"async\" class=\"wp-image-747 alignnone\" title=\"escultura banyoli\u0301 de l'any Vila\u0300\" src=\"http:\/\/espaieatart.files.wordpress.com\/2011\/09\/escultura-banyolicc81-de-lany-vilacc80.jpg?w=244\" alt=\"escultura de llu\u00eds vil\u00e0 \" width=\"335\" height=\"408\" \/><\/a><\/p>\n<p style=\"text-align:justify;\">L&#8217;Ajuntament de Banyoles va instaurar els premis Banyol\u00ed de l&#8217;Any, per posar de relleu la tasca d&#8217;un ciutad\u00e0 o ciutadana de la ciutat. Els premis s\u00f3n una cita anuals i estan oberts a la participaci\u00f3 dels ciutadans, que poden proposar els candidats. Tamb\u00e9 hi ha premis institucionals a la millor iniciativa social, la millor iniciativa empresarial i la traject\u00f2ria personal.<\/p>\n<p style=\"text-align:justify;\">El premi \u00e9s una escultura, obra de l&#8217;artista Llu\u00eds Vil\u00e0 (1952-2010). Consisteix en una \u00abB\u00bb de Banyoles, elaborada en bronze i on Vil\u00e0 va utilizat elements b\u00e0sics de la ciutat per al seu disseny: un capitell del Monestir, gardis de l&#8217;Estany i \u00abbanyolins\u00bb com a escames.<\/p>\n<p style=\"text-align:justify;\">Els premis es lliuraran en el decurs d\u2019un acte que se celebra a finals de setembre al claustre del Monestir de Sant Esteve.<\/p>\n","protected":false},"excerpt":{"rendered":"<p>L&#8217;Ajuntament de Banyoles va instaurar els premis Banyol\u00ed de l&#8217;Any, per posar de relleu la tasca d&#8217;un ciutad\u00e0 o ciutadana &#8230;<\/p>\n","protected":false},"author":1,"featured_media":747,"comment_status":"open","ping_status":"open","sticky":false,"template":"","format":"standard","meta":{"footnotes":""},"categories":[9],"tags":[],"class_list":["post-740","post","type-post","status-publish","format-standard","has-post-thumbnail","hentry","category-historic"],"_links":{"self":[{"href":"http:\/\/fundaciolluiscoromina.org\/index.php\/wp-json\/wp\/v2\/posts\/740","targetHints":{"allow":["GET"]}}],"collection":[{"href":"http:\/\/fundaciolluiscoromina.org\/index.php\/wp-json\/wp\/v2\/posts"}],"about":[{"href":"http:\/\/fundaciolluiscoromina.org\/index.php\/wp-json\/wp\/v2\/types\/post"}],"author":[{"embeddable":true,"href":"http:\/\/fundaciolluiscoromina.org\/index.php\/wp-json\/wp\/v2\/users\/1"}],"replies":[{"embeddable":true,"href":"http:\/\/fundaciolluiscoromina.org\/index.php\/wp-json\/wp\/v2\/comments?post=740"}],"version-history":[{"count":0,"href":"http:\/\/fundaciolluiscoromina.org\/index.php\/wp-json\/wp\/v2\/posts\/740\/revisions"}],"wp:attachment":[{"href":"http:\/\/fundaciolluiscoromina.org\/index.php\/wp-json\/wp\/v2\/media?parent=740"}],"wp:term":[{"taxonomy":"category","embeddable":true,"href":"http:\/\/fundaciolluiscoromina.org\/index.php\/wp-json\/wp\/v2\/categories?post=740"},{"taxonomy":"post_tag","embeddable":true,"href":"http:\/\/fundaciolluiscoromina.org\/index.php\/wp-json\/wp\/v2\/tags?post=740"}],"curies":[{"name":"wp","href":"https:\/\/api.w.org\/{rel}","templated":true}]}}