{"id":758,"date":"2011-09-25T14:57:49","date_gmt":"2011-09-25T14:57:49","guid":{"rendered":"http:\/\/espaieatart.wordpress.com\/?p=758"},"modified":"2011-09-25T14:57:49","modified_gmt":"2011-09-25T14:57:49","slug":"exposicio-de-rosalia-banet-a-lespai-eat-art-lluis-vila-de-banyoles","status":"publish","type":"post","link":"http:\/\/fundaciolluiscoromina.org\/index.php\/2011\/09\/25\/exposicio-de-rosalia-banet-a-lespai-eat-art-lluis-vila-de-banyoles\/","title":{"rendered":"Exposici\u00f3 de Rosal\u00eda Banet a l&#8217;Espai Eat Art LLu\u00eds Vil\u00e0 de Banyoles"},"content":{"rendered":"<p style=\"text-align:justify;\">L&#8217;exposicio <strong>Eat More Disappear<\/strong> de Rosal\u00eda Banet inaugura les reformes de l\u2019Espai Eart Art Llu\u00eds Vil\u00e0 de Banyoles.<\/p>\n<p style=\"text-align:justify;\"><a href=\"http:\/\/espaieatart.files.wordpress.com\/2011\/09\/banet-inauguraciocc81.jpg\"><img loading=\"lazy\" decoding=\"async\" class=\"aligncenter size-full wp-image-761\" title=\"Banet inauguracio\u0301\" src=\"http:\/\/espaieatart.files.wordpress.com\/2011\/09\/banet-inauguraciocc81.jpg\" alt=\"\" width=\"640\" height=\"375\" \/><\/a><\/p>\n<p style=\"text-align:justify;\">L\u2019Espai Eat Art Llu\u00eds Vil\u00e0 acull l\u2019exposicio\u0301 \u201cEat More Disappear\u201d de Rosal\u00eda Banet (Madrid, 1972), que es podr\u00e0 visitar fins al 15 d\u2019octubre i que \u00e9s tot un al\u00b7legat sobre les relacions de les persones i el menjar. L\u2019acte, presentat per Rosa Pera, directora del B\u00f2lit. Centre d\u2019Art Contemporani de Girona, tamb\u00e9 va comptar amb parlaments de Josep Santacreu, director de DKV \u2013empresa col\u00b7laboradora en aquesta exposicio\u0301\u2013, i de Llu\u00eds Coromina, col\u00b7leccionista i impulsor de l\u2019Espai Eat Art i Llu\u00eds Vil\u00e0 Showroom de Banyoles.<\/p>\n<p style=\"text-align:justify;\"><strong>Eat More Disappear de Rosal\u00eda Banet<\/strong><br \/>\nAmb aquesta mostra de Rosal\u00eda Banet, l\u2019Espai Eat Art apronfundeix sobre les connotacions socials, culturals i identit\u00e0ries del menjar. Com deia l\u2019antrop\u00f2leg Levi-Strauss, \u201cmenjar \u00e9s molt m\u00e9s que nodrir-se, \u00e9s una expressi\u00f3 alhora del self i del grup social, de l\u2019intercanvi de l\u2019home i el seu mitj\u00e0\u201d.<br \/>\nRosalia Banet parteix de la teoria plantejada per Levi-Strauss i proposa una reflexi\u00f3, a trav\u00e9s del mejar, sobre la cultura, la societat i l\u2019individu. Als seus treballs els aliments funcionen com a met\u00e0fores al voltant de la por, la soledat, el dolor i els m\u00e9s diferents sentiments que es veuen convertits en aliments.<br \/>\nEl t\u00edtol de la mostra, Eat More Disappear, fa refer\u00e8ncia a les estrat\u00e8gies comercials de les grans companyies d\u2019alimentaci\u00f3, l&#8217;\u00fanic inter\u00e8s de la qual \u00e9s augmentar les vendes i els beneficis. A partir dels seus treballs, d\u2019una aparent est\u00e8tica naif, Banet reclama l\u2019atenci\u00f3 sobre una societat que viu dels excesos, caos i superabund\u00e0ncia, dins la qual l\u2019\u00e9sser hum\u00e0 es va esvaint, al mateix temps que es creen desigualtats, prejudicis i marginaci\u00f3.<\/p>\n<p style=\"text-align:justify;\">\nUn banquet que ens convida a reflexionar sobre la influ\u00e8ncia dels mitjans de comunicaci\u00f3 sobre el que mengem i en el que ens podem convertir despr\u00e9s de la ingesta de certs aliments. En aquest enorme supermercat en qu\u00e8 s\u2019ha convertit el m\u00f3n, les identitats queden redu\u00efdes a unes poques i convenients identitats de pl\u00e0stic.<br \/>\nRosalia Banet, com escriu Ricard Planas, director de l\u2019Espai Eat Art, al cat\u00e0leg \u201cen propicia un debat sobre el menjar terrenal a trav\u00e9s d\u2019un menjar terrenal fictici que ella s\u2019inventa-crea i que \u00e9s, alhora, la menja espiritual sota el suggeridor t\u00edtol d\u2019Eat More Disappear.<\/p>\n<p style=\"text-align:justify;\">\nRosal\u00eda Banet \u00e9s Doctora en Belles Arts per la Universitat de Vigo i fou professora de Pintura a la Facultat de BB.AA d\u2019Altea. Ha exposat individualment en diverses galeries espanyoles i de l\u2019estranger. De la mateixa manera ha participat en importants fires internacionals d\u2019art contemporani, com per exemple Arco, Frieze Art Fair, Art Chicago o Art Basel Miami Beach.<\/p>\n<p style=\"text-align:justify;\">http:\/\/rosaliabanet.com<\/p>\n<p style=\"text-align:justify;\">http:\/\/rosaliabanet.blogspot.com<\/p>\n","protected":false},"excerpt":{"rendered":"<p>L&#8217;exposicio Eat More Disappear de Rosal\u00eda Banet inaugura les reformes de l\u2019Espai Eart Art Llu\u00eds Vil\u00e0 de Banyoles. L\u2019Espai Eat &#8230;<\/p>\n","protected":false},"author":1,"featured_media":761,"comment_status":"open","ping_status":"open","sticky":false,"template":"","format":"standard","meta":{"footnotes":""},"categories":[9],"tags":[],"class_list":["post-758","post","type-post","status-publish","format-standard","has-post-thumbnail","hentry","category-historic"],"_links":{"self":[{"href":"http:\/\/fundaciolluiscoromina.org\/index.php\/wp-json\/wp\/v2\/posts\/758","targetHints":{"allow":["GET"]}}],"collection":[{"href":"http:\/\/fundaciolluiscoromina.org\/index.php\/wp-json\/wp\/v2\/posts"}],"about":[{"href":"http:\/\/fundaciolluiscoromina.org\/index.php\/wp-json\/wp\/v2\/types\/post"}],"author":[{"embeddable":true,"href":"http:\/\/fundaciolluiscoromina.org\/index.php\/wp-json\/wp\/v2\/users\/1"}],"replies":[{"embeddable":true,"href":"http:\/\/fundaciolluiscoromina.org\/index.php\/wp-json\/wp\/v2\/comments?post=758"}],"version-history":[{"count":0,"href":"http:\/\/fundaciolluiscoromina.org\/index.php\/wp-json\/wp\/v2\/posts\/758\/revisions"}],"wp:attachment":[{"href":"http:\/\/fundaciolluiscoromina.org\/index.php\/wp-json\/wp\/v2\/media?parent=758"}],"wp:term":[{"taxonomy":"category","embeddable":true,"href":"http:\/\/fundaciolluiscoromina.org\/index.php\/wp-json\/wp\/v2\/categories?post=758"},{"taxonomy":"post_tag","embeddable":true,"href":"http:\/\/fundaciolluiscoromina.org\/index.php\/wp-json\/wp\/v2\/tags?post=758"}],"curies":[{"name":"wp","href":"https:\/\/api.w.org\/{rel}","templated":true}]}}