{"id":7622,"date":"2025-10-28T11:10:58","date_gmt":"2025-10-28T10:10:58","guid":{"rendered":"http:\/\/www.fundaciolluiscoromina.org\/?p=6690"},"modified":"2026-09-02T16:50:28","modified_gmt":"2026-09-02T14:50:28","slug":"lespai-eat-art-acull-la-inauguracio-de-lexposicio-lliscar-flotar-ingravidesa-de-larquitecte-i-exesportista-delit-quim-pujol","status":"publish","type":"post","link":"http:\/\/fundaciolluiscoromina.org\/index.php\/2025\/10\/28\/lespai-eat-art-acull-la-inauguracio-de-lexposicio-lliscar-flotar-ingravidesa-de-larquitecte-i-exesportista-delit-quim-pujol\/","title":{"rendered":"L&#8217;Espai Eat Art acull la inauguraci\u00f3 de l&#8217;exposici\u00f3 &#8216;Lliscar-Flotar: Ingravidesa&#8217; de l&#8217;arquitecte i exesportista d&#8217;elit Quim Pujol\u00a0"},"content":{"rendered":"<p>El pr\u00f2xim dijous 13 de novembre, a les 19 h, l&#8217;Espai Eat Art de Banyoles de la Fundaci\u00f3 Llu\u00eds Coromina Isern acollir\u00e0 la inauguraci\u00f3 de l&#8217;exposici\u00f3\u00a0<em>Lliscar-Flotar: Ingravidesa<\/em>,\u00a0una mostra on es proposa una revisi\u00f3 de l\u2019obra arquitect\u00f2nica de Quim Pujol, entesa des de la relaci\u00f3 profunda que aquesta ha mantingut amb el m\u00f3n de l\u2019esport i en concret com a nedador d\u2019alta competici\u00f3\u00a0i dirigent internacional.<\/p>\n<p>L&#8217;exposici\u00f3 ofereix una mirada retrospectiva a la seva vida esportiva i professional, nascuda a la ciutat de Banyoles i desenvolupada en el context internacional. Una oportunitat per gaudir, des d\u2019una mirada creativa,\u00a0de<strong> la complicitat entre l\u2019aigua i el nedador i la immersi\u00f3 de l\u2019arquitecte entre els volums que configuren els espais<\/strong>. Un paral\u00b7lelisme entre el vertigen del salt a l\u2019aigua i l\u2019arquitecte davant del paper en blanc.<\/p>\n<p data-end=\"412\" data-start=\"107\">El banyol\u00ed Quim Pujol\u00a0(1946) \u00e9s arquitecte i exesportista d&#8217;elit. En l\u2019\u00e0mbit de l\u2019arquitectura, ha signat projectes destacats vinculats a grans esdeveniments esportius aqu\u00e0tics, com les\u00a0Piscines dels Mundials de Nataci\u00f3 de Madrid del 1986 o la Duna Arena de Budapest, seu dels Mundials de Nataci\u00f3 del 2017, i ha rebut guardons com el Premi Nacional d&#8217;Arquitectura Esportiva de l&#8217;edici\u00f3 del 2003.\u00a0D&#8217;altra banda, en l&#8217;\u00e0mbit esportiu,\u00a0Pujol \u00e9s especialista en la disciplina de 100 i 200 metres papallona, i compta amb reconeixements destacats del m\u00f3n de l&#8217;esport com el primer premi del Campionat d&#8217;Espanya de Nataci\u00f3, entre molts d&#8217;altres.<\/p>\n<p><img loading=\"lazy\" decoding=\"async\" class=\"size-medium wp-image-6718\" src=\"http:\/\/test.fundaciolluiscoromina.org\/wp-content\/uploads\/2025\/10\/Expo-Pujol-Arquitecte-P1-300x200.jpg\" alt=\"\" width=\"300\" height=\"200\" \/><\/p>\n<p><img loading=\"lazy\" decoding=\"async\" class=\"size-medium wp-image-6719\" src=\"http:\/\/test.fundaciolluiscoromina.org\/wp-content\/uploads\/2025\/10\/Expo-Pujol-Arquitecte-P3-300x200.jpg\" alt=\"\" width=\"300\" height=\"200\" \/><\/p>\n<p><img loading=\"lazy\" decoding=\"async\" class=\"size-medium wp-image-6720\" src=\"http:\/\/test.fundaciolluiscoromina.org\/wp-content\/uploads\/2025\/10\/Expo-Pujol-Arquitecte-P8-300x200.jpg\" alt=\"\" width=\"300\" height=\"200\" \/><\/p>\n<p><img loading=\"lazy\" decoding=\"async\" class=\"size-medium wp-image-6722\" src=\"http:\/\/test.fundaciolluiscoromina.org\/wp-content\/uploads\/2025\/10\/Expo-Pujol-Arquitecte-P9-300x200.jpg\" alt=\"\" width=\"300\" height=\"200\" \/><\/p>\n<p><img loading=\"lazy\" decoding=\"async\" class=\"size-medium wp-image-6723\" src=\"http:\/\/test.fundaciolluiscoromina.org\/wp-content\/uploads\/2025\/10\/Expo-Pujol-Arquitecte-P11-300x200.jpg\" alt=\"\" width=\"300\" height=\"200\" \/><\/p>\n<p><img loading=\"lazy\" decoding=\"async\" class=\"size-medium wp-image-6724\" src=\"http:\/\/test.fundaciolluiscoromina.org\/wp-content\/uploads\/2025\/10\/Expo-Pujol-Arquitecte-P12-300x200.jpg\" alt=\"\" width=\"300\" height=\"200\" \/><\/p>\n<p><img loading=\"lazy\" decoding=\"async\" class=\"size-medium wp-image-6725\" src=\"http:\/\/test.fundaciolluiscoromina.org\/wp-content\/uploads\/2025\/10\/Expo-Pujol-Arquitecte-P16-300x200.jpg\" alt=\"\" width=\"300\" height=\"200\" \/><\/p>\n<p><img loading=\"lazy\" decoding=\"async\" class=\"size-medium wp-image-6726\" src=\"http:\/\/test.fundaciolluiscoromina.org\/wp-content\/uploads\/2025\/10\/Expo-Pujol-Arquitecte-P24-300x200.jpg\" alt=\"\" width=\"300\" height=\"200\" srcset=\"http:\/\/fundaciolluiscoromina.org\/wp-content\/uploads\/2025\/10\/Expo-Pujol-Arquitecte-P24-300x200.jpg 300w, http:\/\/fundaciolluiscoromina.org\/wp-content\/uploads\/2025\/10\/Expo-Pujol-Arquitecte-P24-1024x683.jpg 1024w, http:\/\/fundaciolluiscoromina.org\/wp-content\/uploads\/2025\/10\/Expo-Pujol-Arquitecte-P24-768x512.jpg 768w, http:\/\/fundaciolluiscoromina.org\/wp-content\/uploads\/2025\/10\/Expo-Pujol-Arquitecte-P24-1536x1024.jpg 1536w, http:\/\/fundaciolluiscoromina.org\/wp-content\/uploads\/2025\/10\/Expo-Pujol-Arquitecte-P24-2048x1365.jpg 2048w\" sizes=\"auto, (max-width: 300px) 100vw, 300px\" \/><\/p>\n<div id=\"attachment_6727\" style=\"width: 310px\" class=\"wp-caption alignnone\"><img loading=\"lazy\" decoding=\"async\" aria-describedby=\"caption-attachment-6727\" class=\"size-medium wp-image-6727\" src=\"http:\/\/test.fundaciolluiscoromina.org\/wp-content\/uploads\/2025\/10\/Expo-Pujol-Arquitecte-P28-300x200.jpg\" alt=\"\" width=\"300\" height=\"200\" \/><p id=\"caption-attachment-6727\" class=\"wp-caption-text\">Exposici\u00f3 Lliscar- Flotar: Ingravidesa, de l\u2019esportista i arquitecte Quim Pujol, a l\u2019espai Eat Art de la Fundaci\u00f3 Llu\u00eds Coromina Isern de Banyoles. Mar Duran \/ Nord Media<\/p><\/div>\n","protected":false},"excerpt":{"rendered":"<p>El pr\u00f2xim dijous 13 de novembre, a les 19 h, l&#8217;Espai Eat Art de Banyoles de la Fundaci\u00f3 Llu\u00eds Coromina &#8230;<\/p>\n","protected":false},"author":1,"featured_media":7628,"comment_status":"closed","ping_status":"open","sticky":false,"template":"","format":"standard","meta":{"footnotes":""},"categories":[259,17],"tags":[],"class_list":["post-7622","post","type-post","status-publish","format-standard","has-post-thumbnail","hentry","category-exposicio-actual","category-exposicions-espai-eat-art"],"_links":{"self":[{"href":"http:\/\/fundaciolluiscoromina.org\/index.php\/wp-json\/wp\/v2\/posts\/7622","targetHints":{"allow":["GET"]}}],"collection":[{"href":"http:\/\/fundaciolluiscoromina.org\/index.php\/wp-json\/wp\/v2\/posts"}],"about":[{"href":"http:\/\/fundaciolluiscoromina.org\/index.php\/wp-json\/wp\/v2\/types\/post"}],"author":[{"embeddable":true,"href":"http:\/\/fundaciolluiscoromina.org\/index.php\/wp-json\/wp\/v2\/users\/1"}],"replies":[{"embeddable":true,"href":"http:\/\/fundaciolluiscoromina.org\/index.php\/wp-json\/wp\/v2\/comments?post=7622"}],"version-history":[{"count":1,"href":"http:\/\/fundaciolluiscoromina.org\/index.php\/wp-json\/wp\/v2\/posts\/7622\/revisions"}],"predecessor-version":[{"id":7658,"href":"http:\/\/fundaciolluiscoromina.org\/index.php\/wp-json\/wp\/v2\/posts\/7622\/revisions\/7658"}],"wp:featuredmedia":[{"embeddable":true,"href":"http:\/\/fundaciolluiscoromina.org\/index.php\/wp-json\/wp\/v2\/media\/7628"}],"wp:attachment":[{"href":"http:\/\/fundaciolluiscoromina.org\/index.php\/wp-json\/wp\/v2\/media?parent=7622"}],"wp:term":[{"taxonomy":"category","embeddable":true,"href":"http:\/\/fundaciolluiscoromina.org\/index.php\/wp-json\/wp\/v2\/categories?post=7622"},{"taxonomy":"post_tag","embeddable":true,"href":"http:\/\/fundaciolluiscoromina.org\/index.php\/wp-json\/wp\/v2\/tags?post=7622"}],"curies":[{"name":"wp","href":"https:\/\/api.w.org\/{rel}","templated":true}]}}