{"id":7623,"date":"2025-11-12T10:09:52","date_gmt":"2025-11-12T09:09:52","guid":{"rendered":"http:\/\/www.fundaciolluiscoromina.org\/?p=6696"},"modified":"2026-09-02T16:50:27","modified_gmt":"2026-09-02T14:50:27","slug":"lespai-isern-dalmau-de-barcelona-acull-la-inauguracio-de-lexposicio-no-treure-el-cap-a-linterior-de-bernardi-roig","status":"publish","type":"post","link":"http:\/\/fundaciolluiscoromina.org\/index.php\/2025\/11\/12\/lespai-isern-dalmau-de-barcelona-acull-la-inauguracio-de-lexposicio-no-treure-el-cap-a-linterior-de-bernardi-roig\/","title":{"rendered":"L&#8217;Espai Isern Dalmau de Barcelona acull la inauguraci\u00f3 de l&#8217;exposici\u00f3 &#8216;[NO] Treure el cap a l\u2019Interior&#8217; de Bernard\u00ed Roig"},"content":{"rendered":"<p><strong>La Fundaci\u00f3 Llu\u00eds Coromina Isern<\/strong> i la <strong>Galeria Miguel Marcos<\/strong> presenten l&#8217;exposici\u00f3 <strong><em>[NO]\u00a0Treure\u00a0el\u00a0cap a l\u2019Interior<\/em><\/strong>, una selecci\u00f3 de v\u00eddeos recents de\u00a0Bernard\u00ed\u00a0Roig (1965) al costat de la instal\u00b7laci\u00f3\u00a0<em>El Cap de Goya<\/em>\u00a0(2020). Aquesta mostra s&#8217;inaugurar\u00e0 a l&#8217;Espai Isern Dalmau de Barcelona el pr\u00f2xim dimarts 18 de novembre a les 19 h, i ofereix un conjunt d&#8217;obres que s&#8217;endinsen en la tensi\u00f3 entre el gest repetit i la impossibilitat de redempci\u00f3.<\/p>\n<p>Cossos solitaris s&#8217;enfronten al seu propi l\u00edmit, atrapats en la circularitat de l&#8217;acte. En aquesta perseveran\u00e7a sense prop\u00f2sit, es condensa una pulsi\u00f3 de resist\u00e8ncia i un desig d&#8217;insist\u00e8ncia, fins i tot quan el sentit es dissol. Cada obra \u00e9s una temptativa d&#8217;encarnar el que s&#8217;escapa: la mirada, el desig, la identitat, la carn que insisteix tot i que ja ha estat negada.\u00a0Aquestes imatges en moviment es desplacen amb obstinaci\u00f3 neur\u00f2tica, inefica\u00e7, irracional, ind\u00f2mita, fins i tot miccional; i formen una coreografia del fet\u00a0fallida.<\/p>\n<p><strong data-end=\"245\" data-start=\"228\">Bernard\u00ed Roig<\/strong> (Palma, 1965) \u00e9s un escultor i artista multim\u00e8dia mallorqu\u00ed amb una destacada traject\u00f2ria internacional. La seva obra analitza la p\u00e8rdua de mem\u00f2ria hist\u00f2rica i la recerca d\u2019identitat en una societat globalitzada dominada pels mitjans de comunicaci\u00f3. Guardonat amb diversos premis internacionals, Roig viu i treballa entre Madrid i Binissalem, i la seva obra forma part de col\u00b7leccions com les del Reina Sofia, Es Baluard o el Museu d\u2019Art Contemporani de Verona.<\/p>\n<p><img loading=\"lazy\" decoding=\"async\" class=\"size-medium wp-image-6716\" src=\"http:\/\/test.fundaciolluiscoromina.org\/wp-content\/uploads\/2025\/11\/Expo-Benadi-Roig-051-300x200.jpg\" alt=\"\" width=\"300\" height=\"200\" srcset=\"http:\/\/fundaciolluiscoromina.org\/wp-content\/uploads\/2025\/11\/Expo-Benadi-Roig-051-300x200.jpg 300w, http:\/\/fundaciolluiscoromina.org\/wp-content\/uploads\/2025\/11\/Expo-Benadi-Roig-051-1024x683.jpg 1024w, http:\/\/fundaciolluiscoromina.org\/wp-content\/uploads\/2025\/11\/Expo-Benadi-Roig-051-768x512.jpg 768w, http:\/\/fundaciolluiscoromina.org\/wp-content\/uploads\/2025\/11\/Expo-Benadi-Roig-051-1536x1024.jpg 1536w, http:\/\/fundaciolluiscoromina.org\/wp-content\/uploads\/2025\/11\/Expo-Benadi-Roig-051-2048x1365.jpg 2048w\" sizes=\"auto, (max-width: 300px) 100vw, 300px\" \/><\/p>\n<p><img loading=\"lazy\" decoding=\"async\" class=\"size-medium wp-image-7635\" src=\"http:\/\/test.fundaciolluiscoromina.org\/wp-content\/uploads\/2025\/11\/Expo-Benadi-Roig-041-300x200.jpg\" alt=\"\" width=\"300\" height=\"200\" srcset=\"http:\/\/fundaciolluiscoromina.org\/wp-content\/uploads\/2025\/11\/Expo-Benadi-Roig-041-300x200.jpg 300w, http:\/\/fundaciolluiscoromina.org\/wp-content\/uploads\/2025\/11\/Expo-Benadi-Roig-041-1024x683.jpg 1024w, http:\/\/fundaciolluiscoromina.org\/wp-content\/uploads\/2025\/11\/Expo-Benadi-Roig-041-768x512.jpg 768w, http:\/\/fundaciolluiscoromina.org\/wp-content\/uploads\/2025\/11\/Expo-Benadi-Roig-041-1536x1024.jpg 1536w, http:\/\/fundaciolluiscoromina.org\/wp-content\/uploads\/2025\/11\/Expo-Benadi-Roig-041-2048x1365.jpg 2048w\" sizes=\"auto, (max-width: 300px) 100vw, 300px\" \/><\/p>\n<p><img loading=\"lazy\" decoding=\"async\" class=\"size-medium wp-image-6711\" src=\"http:\/\/test.fundaciolluiscoromina.org\/wp-content\/uploads\/2025\/11\/Expo-Benadi-Roig-015-300x200.jpg\" alt=\"\" width=\"300\" height=\"200\" srcset=\"http:\/\/fundaciolluiscoromina.org\/wp-content\/uploads\/2025\/11\/Expo-Benadi-Roig-015-300x200.jpg 300w, http:\/\/fundaciolluiscoromina.org\/wp-content\/uploads\/2025\/11\/Expo-Benadi-Roig-015-1024x683.jpg 1024w, http:\/\/fundaciolluiscoromina.org\/wp-content\/uploads\/2025\/11\/Expo-Benadi-Roig-015-768x512.jpg 768w, http:\/\/fundaciolluiscoromina.org\/wp-content\/uploads\/2025\/11\/Expo-Benadi-Roig-015-1536x1024.jpg 1536w, http:\/\/fundaciolluiscoromina.org\/wp-content\/uploads\/2025\/11\/Expo-Benadi-Roig-015-2048x1365.jpg 2048w\" sizes=\"auto, (max-width: 300px) 100vw, 300px\" \/><\/p>\n<p><img loading=\"lazy\" decoding=\"async\" class=\"size-medium wp-image-7633\" src=\"http:\/\/test.fundaciolluiscoromina.org\/wp-content\/uploads\/2025\/11\/Expo-Benadi-Roig-013-1-300x200.jpg\" alt=\"\" width=\"300\" height=\"200\" srcset=\"http:\/\/fundaciolluiscoromina.org\/wp-content\/uploads\/2025\/11\/Expo-Benadi-Roig-013-1-300x200.jpg 300w, http:\/\/fundaciolluiscoromina.org\/wp-content\/uploads\/2025\/11\/Expo-Benadi-Roig-013-1-1024x683.jpg 1024w, http:\/\/fundaciolluiscoromina.org\/wp-content\/uploads\/2025\/11\/Expo-Benadi-Roig-013-1-768x512.jpg 768w, http:\/\/fundaciolluiscoromina.org\/wp-content\/uploads\/2025\/11\/Expo-Benadi-Roig-013-1-1536x1024.jpg 1536w, http:\/\/fundaciolluiscoromina.org\/wp-content\/uploads\/2025\/11\/Expo-Benadi-Roig-013-1-2048x1365.jpg 2048w\" sizes=\"auto, (max-width: 300px) 100vw, 300px\" \/><\/p>\n<div id=\"attachment_7632\" style=\"width: 310px\" class=\"wp-caption alignnone\"><img loading=\"lazy\" decoding=\"async\" aria-describedby=\"caption-attachment-7632\" class=\"size-medium wp-image-7632\" src=\"http:\/\/test.fundaciolluiscoromina.org\/wp-content\/uploads\/2025\/11\/Expo-Benadi-Roig-011-300x200.jpg\" alt=\"\" width=\"300\" height=\"200\" srcset=\"http:\/\/fundaciolluiscoromina.org\/wp-content\/uploads\/2025\/11\/Expo-Benadi-Roig-011-300x200.jpg 300w, http:\/\/fundaciolluiscoromina.org\/wp-content\/uploads\/2025\/11\/Expo-Benadi-Roig-011-1024x683.jpg 1024w, http:\/\/fundaciolluiscoromina.org\/wp-content\/uploads\/2025\/11\/Expo-Benadi-Roig-011-768x512.jpg 768w, http:\/\/fundaciolluiscoromina.org\/wp-content\/uploads\/2025\/11\/Expo-Benadi-Roig-011-1536x1024.jpg 1536w, http:\/\/fundaciolluiscoromina.org\/wp-content\/uploads\/2025\/11\/Expo-Benadi-Roig-011-2048x1365.jpg 2048w\" sizes=\"auto, (max-width: 300px) 100vw, 300px\" \/><p id=\"caption-attachment-7632\" class=\"wp-caption-text\">Fotos: Pere Duran \/ Nord Media<\/p><\/div>\n","protected":false},"excerpt":{"rendered":"<p>La Fundaci\u00f3 Llu\u00eds Coromina Isern i la Galeria Miguel Marcos presenten l&#8217;exposici\u00f3 [NO]\u00a0Treure\u00a0el\u00a0cap a l\u2019Interior, una selecci\u00f3 de v\u00eddeos recents &#8230;<\/p>\n","protected":false},"author":1,"featured_media":7629,"comment_status":"closed","ping_status":"open","sticky":false,"template":"","format":"standard","meta":{"footnotes":""},"categories":[259,228],"tags":[],"class_list":["post-7623","post","type-post","status-publish","format-standard","has-post-thumbnail","hentry","category-exposicio-actual","category-exposicions-espai-isern-dalmau"],"_links":{"self":[{"href":"http:\/\/fundaciolluiscoromina.org\/index.php\/wp-json\/wp\/v2\/posts\/7623","targetHints":{"allow":["GET"]}}],"collection":[{"href":"http:\/\/fundaciolluiscoromina.org\/index.php\/wp-json\/wp\/v2\/posts"}],"about":[{"href":"http:\/\/fundaciolluiscoromina.org\/index.php\/wp-json\/wp\/v2\/types\/post"}],"author":[{"embeddable":true,"href":"http:\/\/fundaciolluiscoromina.org\/index.php\/wp-json\/wp\/v2\/users\/1"}],"replies":[{"embeddable":true,"href":"http:\/\/fundaciolluiscoromina.org\/index.php\/wp-json\/wp\/v2\/comments?post=7623"}],"version-history":[{"count":1,"href":"http:\/\/fundaciolluiscoromina.org\/index.php\/wp-json\/wp\/v2\/posts\/7623\/revisions"}],"predecessor-version":[{"id":7655,"href":"http:\/\/fundaciolluiscoromina.org\/index.php\/wp-json\/wp\/v2\/posts\/7623\/revisions\/7655"}],"wp:featuredmedia":[{"embeddable":true,"href":"http:\/\/fundaciolluiscoromina.org\/index.php\/wp-json\/wp\/v2\/media\/7629"}],"wp:attachment":[{"href":"http:\/\/fundaciolluiscoromina.org\/index.php\/wp-json\/wp\/v2\/media?parent=7623"}],"wp:term":[{"taxonomy":"category","embeddable":true,"href":"http:\/\/fundaciolluiscoromina.org\/index.php\/wp-json\/wp\/v2\/categories?post=7623"},{"taxonomy":"post_tag","embeddable":true,"href":"http:\/\/fundaciolluiscoromina.org\/index.php\/wp-json\/wp\/v2\/tags?post=7623"}],"curies":[{"name":"wp","href":"https:\/\/api.w.org\/{rel}","templated":true}]}}