{"id":7624,"date":"2025-12-19T11:42:30","date_gmt":"2025-12-19T10:42:30","guid":{"rendered":"http:\/\/www.fundaciolluiscoromina.org\/?p=6752"},"modified":"2026-09-02T16:50:27","modified_gmt":"2026-09-02T14:50:27","slug":"la-galeria-miguel-marcos-inaugura-lexposicio-artsalut-amb-el-suport-de-la-fundacio-lluis-coromina-isern","status":"publish","type":"post","link":"http:\/\/fundaciolluiscoromina.org\/index.php\/2025\/12\/19\/la-galeria-miguel-marcos-inaugura-lexposicio-artsalut-amb-el-suport-de-la-fundacio-lluis-coromina-isern\/","title":{"rendered":"La Galeria Miguel Marcos acull la inauguraci\u00f3 de l&#8217;exposici\u00f3 &#8216;Art&#038;Salut&#8217;, amb el suport de la Fundaci\u00f3 Llu\u00eds Coromina Isern"},"content":{"rendered":"<p>El pr\u00f2xim dimarts 23 de desembre, a les 19 h, la Galeria Miguel Marcos inaugurar\u00e0 l&#8217;exposici\u00f3\u00a0<strong><em>Art&amp;Salut<\/em><\/strong>, una mostra solid\u00e0ria impulsada conjuntament amb Bonart Cultural que compta amb <strong>el suport de la Fundaci\u00f3 Llu\u00eds Coromina Isern<\/strong> i la col\u00b7laboraci\u00f3 de l&#8217;Hospital Cl\u00ednic de Barcelona.<\/p>\n<p>Un projecte que proposa un di\u00e0leg inspirador entre l&#8217;art contemporani i la recerca en salut mental, en un recorregut expositiu que compta amb la pres\u00e8ncia d\u2019artistes com Joan Brossa, Carlos Franco, V\u00edctor Mira i Malka Aversa. Els fons recaptats es destinaran parcialment al projecte PUZZLE, un programa dedicat a l\u2019estudi i a la millora del tractament de l\u2019esquizofr\u00e8nia a l\u2019Hospital Cl\u00ednic Barcelona.\u00a0Aquesta alian\u00e7a entre institucions culturals i cient\u00edfiques vol posar de relleu el paper clau de la cultura en la generaci\u00f3 d\u2019impacte social i en l\u2019aven\u00e7 del coneixement.<\/p>\n<p>L&#8217;exposici\u00f3 es podr\u00e0 visitar fins al divendres 9 de gener en horari d&#8217;obertura de l&#8217;espai: de dilluns a divendres d&#8217;11:30 h a 19 h.<\/p>\n<p>&nbsp;<\/p>\n","protected":false},"excerpt":{"rendered":"<p>El pr\u00f2xim dimarts 23 de desembre, a les 19 h, la Galeria Miguel Marcos inaugurar\u00e0 l&#8217;exposici\u00f3\u00a0Art&amp;Salut, una mostra solid\u00e0ria impulsada &#8230;<\/p>\n","protected":false},"author":1,"featured_media":6753,"comment_status":"closed","ping_status":"open","sticky":false,"template":"","format":"standard","meta":{"footnotes":""},"categories":[261,262],"tags":[],"class_list":["post-7624","post","type-post","status-publish","format-standard","has-post-thumbnail","hentry","category-exposicions-externes","category-noticies"],"_links":{"self":[{"href":"http:\/\/fundaciolluiscoromina.org\/index.php\/wp-json\/wp\/v2\/posts\/7624","targetHints":{"allow":["GET"]}}],"collection":[{"href":"http:\/\/fundaciolluiscoromina.org\/index.php\/wp-json\/wp\/v2\/posts"}],"about":[{"href":"http:\/\/fundaciolluiscoromina.org\/index.php\/wp-json\/wp\/v2\/types\/post"}],"author":[{"embeddable":true,"href":"http:\/\/fundaciolluiscoromina.org\/index.php\/wp-json\/wp\/v2\/users\/1"}],"replies":[{"embeddable":true,"href":"http:\/\/fundaciolluiscoromina.org\/index.php\/wp-json\/wp\/v2\/comments?post=7624"}],"version-history":[{"count":1,"href":"http:\/\/fundaciolluiscoromina.org\/index.php\/wp-json\/wp\/v2\/posts\/7624\/revisions"}],"predecessor-version":[{"id":9192,"href":"http:\/\/fundaciolluiscoromina.org\/index.php\/wp-json\/wp\/v2\/posts\/7624\/revisions\/9192"}],"wp:featuredmedia":[{"embeddable":true,"href":"http:\/\/fundaciolluiscoromina.org\/index.php\/wp-json\/wp\/v2\/media\/6753"}],"wp:attachment":[{"href":"http:\/\/fundaciolluiscoromina.org\/index.php\/wp-json\/wp\/v2\/media?parent=7624"}],"wp:term":[{"taxonomy":"category","embeddable":true,"href":"http:\/\/fundaciolluiscoromina.org\/index.php\/wp-json\/wp\/v2\/categories?post=7624"},{"taxonomy":"post_tag","embeddable":true,"href":"http:\/\/fundaciolluiscoromina.org\/index.php\/wp-json\/wp\/v2\/tags?post=7624"}],"curies":[{"name":"wp","href":"https:\/\/api.w.org\/{rel}","templated":true}]}}