{"id":7625,"date":"2025-12-22T13:27:28","date_gmt":"2025-12-22T12:27:28","guid":{"rendered":"http:\/\/www.fundaciolluiscoromina.org\/?p=6758"},"modified":"2026-09-02T16:50:27","modified_gmt":"2026-09-02T14:50:27","slug":"des-de-la-fundacio-lluis-coromina-us-destigem-molt-bones-festes-4","status":"publish","type":"post","link":"http:\/\/fundaciolluiscoromina.org\/index.php\/2025\/12\/22\/des-de-la-fundacio-lluis-coromina-us-destigem-molt-bones-festes-4\/","title":{"rendered":"Des de la Fundaci\u00f3 Llu\u00eds Coromina, us destigem molt bones festes!"},"content":{"rendered":"<p>Des de la Fundaci\u00f3 Llu\u00eds Coromina us desitgem molt bones festes! Que passeu bon Nadal i tingueu una bona entrada d\u2019any!<\/p>\n<p>Els horaris especials de Nadal s\u00f3n:<br \/>\n<u><\/u><\/p>\n<p><u>Espai Isern Dalmau de Barcelona<\/u>: l&#8217;espai romandr\u00e0 tancat els dies 25 i 26 de desembre, i 1 i 6 de gener.<br \/>\n<u>Espai Eat Art de Banyoles<\/u>: l&#8217;espai romandr\u00e0 tancat del 24 de desembre a l&#8217;1 de gener. Tamb\u00e9, els dies 5 i 6 de gener.<\/p>\n<p>Us recordem que podeu visitar les tres mostres exposades als espais de la Fundaci\u00f3 Llu\u00eds Coromina Isern:<\/p>\n<p><a href=\"http:\/\/test.fundaciolluiscoromina.org\/lespai-eat-art-acull-la-inauguracio-de-lexposicio-lliscar-flotar-ingravidesa-de-larquitecte-i-exesportista-delit-quim-pujol\/\"><strong><em>Lliscar-Flotar<\/em>. <em>Ingravidesa<\/em> \u2013 Espai Eat Art de Banyoles\u00a0<\/strong><\/a><\/p>\n<p>Fins al 31 de gener, podreu descobrir una mostra on es proposa una revisi\u00f3 de l&#8217;obra arquitect\u00f2nica de Quim Pujol, entesa des de la relaci\u00f3 profunda que aquesta ha mantingut amb el m\u00f3n de l&#8217;esport i en concret com a nedador d&#8217;alta competici\u00f3 i dirigent internacional.<\/p>\n<p><a href=\"http:\/\/test.fundaciolluiscoromina.org\/lespai-isern-dalmau-de-barcelona-acull-la-inauguracio-de-lexposicio-no-treure-el-cap-a-linterior-de-bernardi-roig\/\"><strong><em>[NO] Treure el cap a l&#8217;Interior<\/em><\/strong><strong> \u2013 Espai Isern Dalmau de Barcelona<\/strong><\/a><\/p>\n<p>Conjuntament amb la Galeria Miguel Marcos, la Fundaci\u00f3 Llu\u00eds Coromina Isern presenta aquesta exposici\u00f3, que inclou una selecci\u00f3 de v\u00eddeos recents de Bernard\u00f3 Roig (1965) al costat de la instal\u00b7laci\u00f3\u00a0<em>El Cap de Goya<\/em>\u00a0(2020), que es podr\u00e0 visitar en horari d&#8217;obertura fins al 14 de febrer.<\/p>\n<p><a href=\"http:\/\/test.fundaciolluiscoromina.org\/lespai-el-puntal-laboratori-de-les-arts-acull-la-inauguracio-de-lexposicio-sobre-disseny-i-persones-invisibles-de-caritas-pla-de-lestany\/\"><strong><em>Sobre disseny i persones invisibles<\/em><\/strong><strong> \u2013 Espai El Puntal &#8211; Laboratori de les Arts<\/strong><\/a><\/p>\n<p>Una mostra organitzada per C\u00e0ritas Pla de l\u2019Estany que presenta diverses peces de mobiliari fetes durant els \u00faltims 15 anys per persones i col\u00b7lectius que es troben sovint en risc d\u2019exclusi\u00f3 social, amb el dissenyador Curro Claret.<\/p>\n<p>Tamb\u00e9, us recomanem l&#8217;exposici\u00f3 <a href=\"http:\/\/test.fundaciolluiscoromina.org\/la-galeria-miguel-marcos-inaugura-lexposicio-artsalut-amb-el-suport-de-la-fundacio-lluis-coromina-isern\/\"><em>Art&amp;Salut<\/em><\/a>, que s&#8217;inaugurar\u00e0 dem\u00e0, dimarts 23 de desembre a les 19 h, a la Galeria Miguel Marcos. Una mostra que compta amb el suport de la Fundaci\u00f3 Llu\u00eds Coromina Isern i que proposa un di\u00e0leg inspirador entre l&#8217;art contemporani i la recerca en salut mental, amb la pres\u00e8ncia de peces d&#8217;artistes com Joan Brossa, Carlos Franco, V\u00edctor Mira i Malka Aversa.<\/p>\n","protected":false},"excerpt":{"rendered":"<p>Des de la Fundaci\u00f3 Llu\u00eds Coromina us desitgem molt bones festes! Que passeu bon Nadal i tingueu una bona entrada &#8230;<\/p>\n","protected":false},"author":1,"featured_media":6759,"comment_status":"closed","ping_status":"open","sticky":false,"template":"","format":"standard","meta":{"footnotes":""},"categories":[14,15,10,262],"tags":[],"class_list":["post-7625","post","type-post","status-publish","format-standard","has-post-thumbnail","hentry","category-accions-culturals","category-accions-socials","category-activitats","category-noticies"],"_links":{"self":[{"href":"http:\/\/fundaciolluiscoromina.org\/index.php\/wp-json\/wp\/v2\/posts\/7625","targetHints":{"allow":["GET"]}}],"collection":[{"href":"http:\/\/fundaciolluiscoromina.org\/index.php\/wp-json\/wp\/v2\/posts"}],"about":[{"href":"http:\/\/fundaciolluiscoromina.org\/index.php\/wp-json\/wp\/v2\/types\/post"}],"author":[{"embeddable":true,"href":"http:\/\/fundaciolluiscoromina.org\/index.php\/wp-json\/wp\/v2\/users\/1"}],"replies":[{"embeddable":true,"href":"http:\/\/fundaciolluiscoromina.org\/index.php\/wp-json\/wp\/v2\/comments?post=7625"}],"version-history":[{"count":1,"href":"http:\/\/fundaciolluiscoromina.org\/index.php\/wp-json\/wp\/v2\/posts\/7625\/revisions"}],"predecessor-version":[{"id":9191,"href":"http:\/\/fundaciolluiscoromina.org\/index.php\/wp-json\/wp\/v2\/posts\/7625\/revisions\/9191"}],"wp:featuredmedia":[{"embeddable":true,"href":"http:\/\/fundaciolluiscoromina.org\/index.php\/wp-json\/wp\/v2\/media\/6759"}],"wp:attachment":[{"href":"http:\/\/fundaciolluiscoromina.org\/index.php\/wp-json\/wp\/v2\/media?parent=7625"}],"wp:term":[{"taxonomy":"category","embeddable":true,"href":"http:\/\/fundaciolluiscoromina.org\/index.php\/wp-json\/wp\/v2\/categories?post=7625"},{"taxonomy":"post_tag","embeddable":true,"href":"http:\/\/fundaciolluiscoromina.org\/index.php\/wp-json\/wp\/v2\/tags?post=7625"}],"curies":[{"name":"wp","href":"https:\/\/api.w.org\/{rel}","templated":true}]}}