{"id":7626,"date":"2025-11-01T13:28:34","date_gmt":"2025-11-01T12:28:34","guid":{"rendered":"http:\/\/www.fundaciolluiscoromina.org\/?p=6761"},"modified":"2026-09-02T16:50:28","modified_gmt":"2026-09-02T14:50:28","slug":"lespai-el-puntal-laboratori-de-les-arts-acull-la-inauguracio-de-lexposicio-sobre-disseny-i-persones-invisibles-de-caritas-pla-de-lestany","status":"publish","type":"post","link":"http:\/\/fundaciolluiscoromina.org\/index.php\/2025\/11\/01\/lespai-el-puntal-laboratori-de-les-arts-acull-la-inauguracio-de-lexposicio-sobre-disseny-i-persones-invisibles-de-caritas-pla-de-lestany\/","title":{"rendered":"L&#8217;Espai El Puntal &#8211; Laboratori de les Arts acull la inauguraci\u00f3 de l&#8217;exposici\u00f3 &#8216;Sobre disseny i persones invisibles&#8217; de C\u00e0ritas Pla de l&#8217;Estany"},"content":{"rendered":"<p>El pr\u00f2xim divendres 7 de novembre, a les 18 h, l&#8217;Espai El Puntal &#8211; Laboratori de les Arts de la Fundaci\u00f3 Llu\u00eds Coromina Isern acollir\u00e0 la inauguraci\u00f3 de l&#8217;exposici\u00f3 <em>Sobre disseny i persones invisibles<\/em>. Una mostra\u00a0organitzada per C\u00e0ritas Pla de l\u2019Estany\u00a0que presenta diverses peces de mobiliari fetes durant els \u00faltims 15 anys per persones i col\u00b7lectius que es troben sovint en risc d&#8217;exclusi\u00f3 social, amb el dissenyador Curro Claret.<\/p>\n<p>La majoria de projectes s&#8217;han realitzat en un context de taller, \u00e9s a dir, en un espai d&#8217;experimentaci\u00f3 i llibertat per estimular la iniciativa i creativitat, on assajar i experimentar. Una gran part de les peces mostrades s&#8217;han realitzat als tallers de La Troballa, d&#8217;Arrels Fundaci\u00f3.<\/p>\n<p>Horaris: dilluns, dimecres i divendres, de 17 h a 20 h, i dissabtes, de 10 a 13 h.<\/p>\n<div id=\"attachment_6763\" style=\"width: 310px\" class=\"wp-caption alignnone\"><img loading=\"lazy\" decoding=\"async\" aria-describedby=\"caption-attachment-6763\" class=\"size-medium wp-image-6763\" src=\"http:\/\/test.fundaciolluiscoromina.org\/wp-content\/uploads\/2025\/12\/Expo-Disseny-Persones-Invisibles-011-300x200.jpg\" alt=\"\" width=\"300\" height=\"200\" \/><p id=\"caption-attachment-6763\" class=\"wp-caption-text\">Inauguraci\u00f3 expo Sobre Disseny i Persones Invisibles, al Puntal de la Fundaci\u00f3 Llu\u00eds Coromina de Banyoles. David Aparicio \/ Nord Media<\/p><\/div>\n<div id=\"attachment_6764\" style=\"width: 310px\" class=\"wp-caption alignnone\"><img loading=\"lazy\" decoding=\"async\" aria-describedby=\"caption-attachment-6764\" class=\"size-medium wp-image-6764\" src=\"http:\/\/test.fundaciolluiscoromina.org\/wp-content\/uploads\/2025\/12\/Expo-Disseny-Persones-Invisibles-012-300x200.jpg\" alt=\"\" width=\"300\" height=\"200\" srcset=\"http:\/\/fundaciolluiscoromina.org\/wp-content\/uploads\/2025\/12\/Expo-Disseny-Persones-Invisibles-012-300x200.jpg 300w, http:\/\/fundaciolluiscoromina.org\/wp-content\/uploads\/2025\/12\/Expo-Disseny-Persones-Invisibles-012-1024x683.jpg 1024w, http:\/\/fundaciolluiscoromina.org\/wp-content\/uploads\/2025\/12\/Expo-Disseny-Persones-Invisibles-012-768x512.jpg 768w, http:\/\/fundaciolluiscoromina.org\/wp-content\/uploads\/2025\/12\/Expo-Disseny-Persones-Invisibles-012-1536x1024.jpg 1536w, http:\/\/fundaciolluiscoromina.org\/wp-content\/uploads\/2025\/12\/Expo-Disseny-Persones-Invisibles-012-2048x1365.jpg 2048w\" sizes=\"auto, (max-width: 300px) 100vw, 300px\" \/><p id=\"caption-attachment-6764\" class=\"wp-caption-text\">Inauguraci\u00f3 expo Sobre Disseny i Persones Invisibles, al Puntal de la Fundaci\u00f3 Llu\u00eds Coromina de Banyoles. David Aparicio \/ Nord Media<\/p><\/div>\n<div id=\"attachment_6765\" style=\"width: 310px\" class=\"wp-caption alignnone\"><img loading=\"lazy\" decoding=\"async\" aria-describedby=\"caption-attachment-6765\" class=\"size-medium wp-image-6765\" src=\"http:\/\/test.fundaciolluiscoromina.org\/wp-content\/uploads\/2025\/12\/Expo-Disseny-Persones-Invisibles-013-1-300x200.jpg\" alt=\"\" width=\"300\" height=\"200\" \/><p id=\"caption-attachment-6765\" class=\"wp-caption-text\">Inauguraci\u00f3 expo Sobre Disseny i Persones Invisibles, al Puntal de la Fundaci\u00f3 Llu\u00eds Coromina de Banyoles. David Aparicio \/ Nord Media<\/p><\/div>\n<div id=\"attachment_6766\" style=\"width: 310px\" class=\"wp-caption alignnone\"><img loading=\"lazy\" decoding=\"async\" aria-describedby=\"caption-attachment-6766\" class=\"size-medium wp-image-6766\" src=\"http:\/\/test.fundaciolluiscoromina.org\/wp-content\/uploads\/2025\/12\/Expo-Disseny-Persones-Invisibles-022-300x200.jpg\" alt=\"\" width=\"300\" height=\"200\" srcset=\"http:\/\/fundaciolluiscoromina.org\/wp-content\/uploads\/2025\/12\/Expo-Disseny-Persones-Invisibles-022-300x200.jpg 300w, http:\/\/fundaciolluiscoromina.org\/wp-content\/uploads\/2025\/12\/Expo-Disseny-Persones-Invisibles-022-1024x683.jpg 1024w, http:\/\/fundaciolluiscoromina.org\/wp-content\/uploads\/2025\/12\/Expo-Disseny-Persones-Invisibles-022-768x512.jpg 768w, http:\/\/fundaciolluiscoromina.org\/wp-content\/uploads\/2025\/12\/Expo-Disseny-Persones-Invisibles-022-1536x1024.jpg 1536w, http:\/\/fundaciolluiscoromina.org\/wp-content\/uploads\/2025\/12\/Expo-Disseny-Persones-Invisibles-022-2048x1365.jpg 2048w\" sizes=\"auto, (max-width: 300px) 100vw, 300px\" \/><p id=\"caption-attachment-6766\" class=\"wp-caption-text\">Inauguraci\u00f3 expo Sobre Disseny i Persones Invisibles, al Puntal de la Fundaci\u00f3 Llu\u00eds Coromina de Banyoles. David Aparicio \/ Nord Media<\/p><\/div>\n<div id=\"attachment_6767\" style=\"width: 310px\" class=\"wp-caption alignnone\"><img loading=\"lazy\" decoding=\"async\" aria-describedby=\"caption-attachment-6767\" class=\"size-medium wp-image-6767\" src=\"http:\/\/test.fundaciolluiscoromina.org\/wp-content\/uploads\/2025\/12\/Expo-Disseny-Persones-Invisibles-035-300x200.jpg\" alt=\"\" width=\"300\" height=\"200\" \/><p id=\"caption-attachment-6767\" class=\"wp-caption-text\">Inauguraci\u00f3 expo Sobre Disseny i Persones Invisibles, al Puntal de la Fundaci\u00f3 Llu\u00eds Coromina de Banyoles. David Aparicio \/ Nord Media<\/p><\/div>\n<div id=\"attachment_6768\" style=\"width: 310px\" class=\"wp-caption alignnone\"><img loading=\"lazy\" decoding=\"async\" aria-describedby=\"caption-attachment-6768\" class=\"size-medium wp-image-6768\" src=\"http:\/\/test.fundaciolluiscoromina.org\/wp-content\/uploads\/2025\/12\/Expo-Disseny-Persones-Invisibles-040-300x200.jpg\" alt=\"\" width=\"300\" height=\"200\" srcset=\"http:\/\/fundaciolluiscoromina.org\/wp-content\/uploads\/2025\/12\/Expo-Disseny-Persones-Invisibles-040-300x200.jpg 300w, http:\/\/fundaciolluiscoromina.org\/wp-content\/uploads\/2025\/12\/Expo-Disseny-Persones-Invisibles-040-1024x683.jpg 1024w, http:\/\/fundaciolluiscoromina.org\/wp-content\/uploads\/2025\/12\/Expo-Disseny-Persones-Invisibles-040-768x512.jpg 768w, http:\/\/fundaciolluiscoromina.org\/wp-content\/uploads\/2025\/12\/Expo-Disseny-Persones-Invisibles-040-1536x1024.jpg 1536w, http:\/\/fundaciolluiscoromina.org\/wp-content\/uploads\/2025\/12\/Expo-Disseny-Persones-Invisibles-040-2048x1365.jpg 2048w\" sizes=\"auto, (max-width: 300px) 100vw, 300px\" \/><p id=\"caption-attachment-6768\" class=\"wp-caption-text\">Inauguraci\u00f3 expo Sobre Disseny i Persones Invisibles, al Puntal de la Fundaci\u00f3 Llu\u00eds Coromina de Banyoles. David Aparicio \/ Nord Media<\/p><\/div>\n<div id=\"attachment_6769\" style=\"width: 310px\" class=\"wp-caption alignnone\"><img loading=\"lazy\" decoding=\"async\" aria-describedby=\"caption-attachment-6769\" class=\"size-medium wp-image-6769\" src=\"http:\/\/test.fundaciolluiscoromina.org\/wp-content\/uploads\/2025\/12\/Expo-Disseny-Persones-Invisibles-041-300x200.jpg\" alt=\"\" width=\"300\" height=\"200\" \/><p id=\"caption-attachment-6769\" class=\"wp-caption-text\">Inauguraci\u00f3 expo Sobre Disseny i Persones Invisibles, al Puntal de la Fundaci\u00f3 Llu\u00eds Coromina de Banyoles. David Aparicio \/ Nord Media<\/p><\/div>\n<div id=\"attachment_6770\" style=\"width: 310px\" class=\"wp-caption alignnone\"><img loading=\"lazy\" decoding=\"async\" aria-describedby=\"caption-attachment-6770\" class=\"size-medium wp-image-6770\" src=\"http:\/\/test.fundaciolluiscoromina.org\/wp-content\/uploads\/2025\/12\/Expo-Disseny-Persones-Invisibles-044-300x200.jpg\" alt=\"\" width=\"300\" height=\"200\" srcset=\"http:\/\/fundaciolluiscoromina.org\/wp-content\/uploads\/2025\/12\/Expo-Disseny-Persones-Invisibles-044-300x200.jpg 300w, http:\/\/fundaciolluiscoromina.org\/wp-content\/uploads\/2025\/12\/Expo-Disseny-Persones-Invisibles-044-1024x683.jpg 1024w, http:\/\/fundaciolluiscoromina.org\/wp-content\/uploads\/2025\/12\/Expo-Disseny-Persones-Invisibles-044-768x512.jpg 768w, http:\/\/fundaciolluiscoromina.org\/wp-content\/uploads\/2025\/12\/Expo-Disseny-Persones-Invisibles-044-1536x1024.jpg 1536w, http:\/\/fundaciolluiscoromina.org\/wp-content\/uploads\/2025\/12\/Expo-Disseny-Persones-Invisibles-044-2048x1365.jpg 2048w\" sizes=\"auto, (max-width: 300px) 100vw, 300px\" \/><p id=\"caption-attachment-6770\" class=\"wp-caption-text\">Inauguraci\u00f3 expo Sobre Disseny i Persones Invisibles, al Puntal de la Fundaci\u00f3 Llu\u00eds Coromina de Banyoles. David Aparicio \/ Nord Media<\/p><\/div>\n<div id=\"attachment_6771\" style=\"width: 310px\" class=\"wp-caption alignnone\"><img loading=\"lazy\" decoding=\"async\" aria-describedby=\"caption-attachment-6771\" class=\"size-medium wp-image-6771\" src=\"http:\/\/test.fundaciolluiscoromina.org\/wp-content\/uploads\/2025\/12\/Expo-Disseny-Persones-Invisibles-045-300x200.jpg\" alt=\"\" width=\"300\" height=\"200\" \/><p id=\"caption-attachment-6771\" class=\"wp-caption-text\">Inauguraci\u00f3 expo Sobre Disseny i Persones Invisibles, al Puntal de la Fundaci\u00f3 Llu\u00eds Coromina de Banyoles. David Aparicio \/ Nord Media<\/p><\/div>\n<div id=\"attachment_6772\" style=\"width: 310px\" class=\"wp-caption alignnone\"><img loading=\"lazy\" decoding=\"async\" aria-describedby=\"caption-attachment-6772\" class=\"size-medium wp-image-6772\" src=\"http:\/\/test.fundaciolluiscoromina.org\/wp-content\/uploads\/2025\/12\/Expo-Disseny-Persones-Invisibles-046-300x200.jpg\" alt=\"\" width=\"300\" height=\"200\" srcset=\"http:\/\/fundaciolluiscoromina.org\/wp-content\/uploads\/2025\/12\/Expo-Disseny-Persones-Invisibles-046-300x200.jpg 300w, http:\/\/fundaciolluiscoromina.org\/wp-content\/uploads\/2025\/12\/Expo-Disseny-Persones-Invisibles-046-1024x683.jpg 1024w, http:\/\/fundaciolluiscoromina.org\/wp-content\/uploads\/2025\/12\/Expo-Disseny-Persones-Invisibles-046-768x512.jpg 768w, http:\/\/fundaciolluiscoromina.org\/wp-content\/uploads\/2025\/12\/Expo-Disseny-Persones-Invisibles-046-1536x1024.jpg 1536w, http:\/\/fundaciolluiscoromina.org\/wp-content\/uploads\/2025\/12\/Expo-Disseny-Persones-Invisibles-046-2048x1365.jpg 2048w\" sizes=\"auto, (max-width: 300px) 100vw, 300px\" \/><p id=\"caption-attachment-6772\" class=\"wp-caption-text\">Inauguraci\u00f3 expo Sobre Disseny i Persones Invisibles, al Puntal de la Fundaci\u00f3 Llu\u00eds Coromina de Banyoles. David Aparicio \/ Nord Media<\/p><\/div>\n","protected":false},"excerpt":{"rendered":"<p>El pr\u00f2xim divendres 7 de novembre, a les 18 h, l&#8217;Espai El Puntal &#8211; Laboratori de les Arts de la &#8230;<\/p>\n","protected":false},"author":1,"featured_media":6762,"comment_status":"closed","ping_status":"open","sticky":false,"template":"","format":"standard","meta":{"footnotes":""},"categories":[10,259,13],"tags":[],"class_list":["post-7626","post","type-post","status-publish","format-standard","has-post-thumbnail","hentry","category-activitats","category-exposicio-actual","category-exposicions-puntal-lab"],"_links":{"self":[{"href":"http:\/\/fundaciolluiscoromina.org\/index.php\/wp-json\/wp\/v2\/posts\/7626","targetHints":{"allow":["GET"]}}],"collection":[{"href":"http:\/\/fundaciolluiscoromina.org\/index.php\/wp-json\/wp\/v2\/posts"}],"about":[{"href":"http:\/\/fundaciolluiscoromina.org\/index.php\/wp-json\/wp\/v2\/types\/post"}],"author":[{"embeddable":true,"href":"http:\/\/fundaciolluiscoromina.org\/index.php\/wp-json\/wp\/v2\/users\/1"}],"replies":[{"embeddable":true,"href":"http:\/\/fundaciolluiscoromina.org\/index.php\/wp-json\/wp\/v2\/comments?post=7626"}],"version-history":[{"count":1,"href":"http:\/\/fundaciolluiscoromina.org\/index.php\/wp-json\/wp\/v2\/posts\/7626\/revisions"}],"predecessor-version":[{"id":7662,"href":"http:\/\/fundaciolluiscoromina.org\/index.php\/wp-json\/wp\/v2\/posts\/7626\/revisions\/7662"}],"wp:featuredmedia":[{"embeddable":true,"href":"http:\/\/fundaciolluiscoromina.org\/index.php\/wp-json\/wp\/v2\/media\/6762"}],"wp:attachment":[{"href":"http:\/\/fundaciolluiscoromina.org\/index.php\/wp-json\/wp\/v2\/media?parent=7626"}],"wp:term":[{"taxonomy":"category","embeddable":true,"href":"http:\/\/fundaciolluiscoromina.org\/index.php\/wp-json\/wp\/v2\/categories?post=7626"},{"taxonomy":"post_tag","embeddable":true,"href":"http:\/\/fundaciolluiscoromina.org\/index.php\/wp-json\/wp\/v2\/tags?post=7626"}],"curies":[{"name":"wp","href":"https:\/\/api.w.org\/{rel}","templated":true}]}}