{"id":775,"date":"2011-10-18T20:15:45","date_gmt":"2011-10-18T20:15:45","guid":{"rendered":"http:\/\/espaieatart.wordpress.com\/?p=775"},"modified":"2011-10-18T20:15:45","modified_gmt":"2011-10-18T20:15:45","slug":"fires-de-sant-martiria-banyoles-2011","status":"publish","type":"post","link":"http:\/\/fundaciolluiscoromina.org\/index.php\/2011\/10\/18\/fires-de-sant-martiria-banyoles-2011\/","title":{"rendered":"\u00abEl banquet transitable\u00bb de les Fires de Sant Martiri\u00e0, Banyoles 2011"},"content":{"rendered":"<p style=\"text-align:justify;\"><a href=\"http:\/\/espaieatart.files.wordpress.com\/2011\/10\/captura-de-pantalla-2012-01-08-a-las-23-59-46.png\"><img loading=\"lazy\" decoding=\"async\" class=\"alignnone size-full wp-image-1032\" title=\"Captura de pantalla 2012-01-08 a la(s) 23.59.46\" src=\"http:\/\/espaieatart.files.wordpress.com\/2011\/10\/captura-de-pantalla-2012-01-08-a-las-23-59-46.png\" alt=\"\" width=\"590\" height=\"208\" \/><\/a><\/p>\n<p style=\"text-align:justify;\">De nou les Fires de Sant Martiri\u00e0, la Festa Major de Banyoles 2011. Enguany us proposem visitar dos dels espais on exposarem obra, escultures, de Llu\u00eds Vil\u00e0 (<em>l&#8217;obra permanent es troba ubicada en el Showroom LLu\u00eds Vil\u00e0 Puntal d&#8217;Arts<\/em>):<\/p>\n<p style=\"text-align:justify;\"><strong>SALA EL TINT<\/strong>: <em>\u00abEscultures Transitables\u00bb<\/em> referent al projecte de Restauraci\u00f3 del Volc\u00e0 Coscat (Olot) guardonat amb el premi FAD d&#8217;espais exteriors any 1994. Martiri\u00e0 Figueras amb els col.laboradors Antoni Bramon (Aparellador) i Llu\u00eds Vil\u00e0 amb la realitzaci\u00f3 d&#8217;escultures.<\/p>\n<p style=\"text-align:justify;\">Inauguraci\u00f3 el divendres 21 d&#8217;octubre a les 19h.<\/p>\n<p style=\"text-align:justify;\"><strong>ESPAI EAT ART LLU\u00cdS VIL\u00c0<\/strong>:<em> \u00abEl Banquet\u00bb<\/em> amb les escultures <em>Nautes <\/em>de Llu\u00eds Vil\u00e0 detall del muntatge que es va presentar en el Temps de Flors de Girona, maig\u00a0 2011 (col.labora la fleca Can Japet) i l&#8217;exposici\u00f3 <em>\u00abEat More Disappear\u00bb<\/em> de Rosal\u00eda Banet.<\/p>\n<p style=\"text-align:justify;\">M\u00fascia en viu en el jard\u00ed amb l&#8217;actuaci\u00f3 dels <em>Rita Quartet Band<\/em>.<\/p>\n<p style=\"text-align:justify;\">Inauguraci\u00f3 el divendres 21 d&#8217;octubre a les 20h.<\/p>\n<p style=\"text-align:justify;\">\n","protected":false},"excerpt":{"rendered":"<p>De nou les Fires de Sant Martiri\u00e0, la Festa Major de Banyoles 2011. Enguany us proposem visitar dos dels espais &#8230;<\/p>\n","protected":false},"author":1,"featured_media":1032,"comment_status":"open","ping_status":"open","sticky":false,"template":"","format":"standard","meta":{"footnotes":""},"categories":[9],"tags":[],"class_list":["post-775","post","type-post","status-publish","format-standard","has-post-thumbnail","hentry","category-historic"],"_links":{"self":[{"href":"http:\/\/fundaciolluiscoromina.org\/index.php\/wp-json\/wp\/v2\/posts\/775","targetHints":{"allow":["GET"]}}],"collection":[{"href":"http:\/\/fundaciolluiscoromina.org\/index.php\/wp-json\/wp\/v2\/posts"}],"about":[{"href":"http:\/\/fundaciolluiscoromina.org\/index.php\/wp-json\/wp\/v2\/types\/post"}],"author":[{"embeddable":true,"href":"http:\/\/fundaciolluiscoromina.org\/index.php\/wp-json\/wp\/v2\/users\/1"}],"replies":[{"embeddable":true,"href":"http:\/\/fundaciolluiscoromina.org\/index.php\/wp-json\/wp\/v2\/comments?post=775"}],"version-history":[{"count":0,"href":"http:\/\/fundaciolluiscoromina.org\/index.php\/wp-json\/wp\/v2\/posts\/775\/revisions"}],"wp:attachment":[{"href":"http:\/\/fundaciolluiscoromina.org\/index.php\/wp-json\/wp\/v2\/media?parent=775"}],"wp:term":[{"taxonomy":"category","embeddable":true,"href":"http:\/\/fundaciolluiscoromina.org\/index.php\/wp-json\/wp\/v2\/categories?post=775"},{"taxonomy":"post_tag","embeddable":true,"href":"http:\/\/fundaciolluiscoromina.org\/index.php\/wp-json\/wp\/v2\/tags?post=775"}],"curies":[{"name":"wp","href":"https:\/\/api.w.org\/{rel}","templated":true}]}}