{"id":789,"date":"2011-10-24T16:05:09","date_gmt":"2011-10-24T16:05:09","guid":{"rendered":"http:\/\/espaieatart.wordpress.com\/?p=789"},"modified":"2011-10-24T16:05:09","modified_gmt":"2011-10-24T16:05:09","slug":"escultures-transitables-martiria-figueras-lluis-vila-el-croscat","status":"publish","type":"post","link":"http:\/\/fundaciolluiscoromina.org\/index.php\/2011\/10\/24\/escultures-transitables-martiria-figueras-lluis-vila-el-croscat\/","title":{"rendered":"ESCULTURES TRANSITABLES martiri\u00e0 figueras \/ llu\u00eds vil\u00e0 \/ el croscat"},"content":{"rendered":"<h6 style=\"text-align:justify;\"><strong><span style=\"color:#ff0000;\">donada l&#8217;aflu\u00e8ncia de visites, l&#8217;exposici\u00f3\u00a0 es podr\u00e0 veure durant tot el desembre 2011<\/span><\/strong><\/h6>\n<p style=\"text-align:justify;\">L&#8217;exposici\u00f3 <em>\u00abEscultures transitables. Martiri\u00e0 Figueras &#8211; Llu\u00eds Vil\u00e0\u00bb<\/em> que del 21 d&#8217;octubre al 19 de novembre 2011 es podr\u00e0 veure a la Sala El Tint de Banyoles, \u00e9s una revisi\u00f3 sobre el concepte d&#8217;escultura p\u00fablica, arquitectura i paisatgisme, que pren com a refer\u00e8ncia el projecte de restauraci\u00f3 del volc\u00e0 Croscat, premi FAD 1994.<\/p>\n<p style=\"text-align:justify;\">Miquel Noguer, alcalde de Banyoles; el galerista Arcadi Calzada; Martiri\u00e0 Figueras i Ricard Planas, director de l\u2019Espai Eat Art Llu\u00eds Vil\u00e0 varen inaugurar l\u2019exposici\u00f3 <em>Escultures transitables. Martiri\u00e0 Figueras-Llu\u00eds Vil\u00e0.<br \/>\n<\/em><\/p>\n<p style=\"text-align:justify;\"><a href=\"http:\/\/espaieatart.files.wordpress.com\/2011\/10\/croscat.jpg\"><img loading=\"lazy\" decoding=\"async\" class=\"aligncenter size-full wp-image-790\" title=\"croscat\" src=\"http:\/\/espaieatart.files.wordpress.com\/2011\/10\/croscat.jpg\" alt=\"\" width=\"1024\" height=\"639\" \/><\/a><em><\/em><\/p>\n","protected":false},"excerpt":{"rendered":"<p>donada l&#8217;aflu\u00e8ncia de visites, l&#8217;exposici\u00f3\u00a0 es podr\u00e0 veure durant tot el desembre 2011 L&#8217;exposici\u00f3 \u00abEscultures transitables. Martiri\u00e0 Figueras &#8211; Llu\u00eds &#8230;<\/p>\n","protected":false},"author":1,"featured_media":790,"comment_status":"open","ping_status":"open","sticky":false,"template":"","format":"standard","meta":{"footnotes":""},"categories":[9],"tags":[],"class_list":["post-789","post","type-post","status-publish","format-standard","has-post-thumbnail","hentry","category-historic"],"_links":{"self":[{"href":"http:\/\/fundaciolluiscoromina.org\/index.php\/wp-json\/wp\/v2\/posts\/789","targetHints":{"allow":["GET"]}}],"collection":[{"href":"http:\/\/fundaciolluiscoromina.org\/index.php\/wp-json\/wp\/v2\/posts"}],"about":[{"href":"http:\/\/fundaciolluiscoromina.org\/index.php\/wp-json\/wp\/v2\/types\/post"}],"author":[{"embeddable":true,"href":"http:\/\/fundaciolluiscoromina.org\/index.php\/wp-json\/wp\/v2\/users\/1"}],"replies":[{"embeddable":true,"href":"http:\/\/fundaciolluiscoromina.org\/index.php\/wp-json\/wp\/v2\/comments?post=789"}],"version-history":[{"count":0,"href":"http:\/\/fundaciolluiscoromina.org\/index.php\/wp-json\/wp\/v2\/posts\/789\/revisions"}],"wp:attachment":[{"href":"http:\/\/fundaciolluiscoromina.org\/index.php\/wp-json\/wp\/v2\/media?parent=789"}],"wp:term":[{"taxonomy":"category","embeddable":true,"href":"http:\/\/fundaciolluiscoromina.org\/index.php\/wp-json\/wp\/v2\/categories?post=789"},{"taxonomy":"post_tag","embeddable":true,"href":"http:\/\/fundaciolluiscoromina.org\/index.php\/wp-json\/wp\/v2\/tags?post=789"}],"curies":[{"name":"wp","href":"https:\/\/api.w.org\/{rel}","templated":true}]}}