{"id":803,"date":"2011-10-24T18:10:02","date_gmt":"2011-10-24T18:10:02","guid":{"rendered":"http:\/\/espaieatart.wordpress.com\/?p=803"},"modified":"2011-10-24T18:10:02","modified_gmt":"2011-10-24T18:10:02","slug":"miquel-abras-en-concert-a-lespai-eat-art-lluis-vila-de-banyoles","status":"publish","type":"post","link":"http:\/\/fundaciolluiscoromina.org\/index.php\/2011\/10\/24\/miquel-abras-en-concert-a-lespai-eat-art-lluis-vila-de-banyoles\/","title":{"rendered":"Miquel Abras en concert a l&#8217;Espai Eat Art"},"content":{"rendered":"<p><a href=\"http:\/\/espaieatart.files.wordpress.com\/2011\/10\/captura-de-pantalla-2012-01-15-a-las-11-41-36.png\"><img loading=\"lazy\" decoding=\"async\" class=\"alignnone size-full wp-image-1144\" title=\"Captura de pantalla 2012-01-15 a la(s) 11.41.36\" src=\"http:\/\/espaieatart.files.wordpress.com\/2011\/10\/captura-de-pantalla-2012-01-15-a-las-11-41-36.png\" alt=\"\" width=\"402\" height=\"439\" \/><\/a><\/p>\n<p>Miquel Abras, un dels cantautors catalans amb m\u00e9s projecci\u00f3, va fer un concert ac\u00fastic de petit format a l&#8217;espai eat art el dissabte 29 d&#8217;octubre. L&#8217;autor va desenvolupar tot el seu repertori durant una hora amb intensitati, aix\u00ed ho va rebre el p\u00fablic que va sortir entusiasmat del concert. L&#8217;oportunitat d&#8217;aquest format proporciona estar m\u00e9s en contacte amb l&#8217;autor i els matisos de la seva veu.<\/p>\n<p>Web oficial de Miquel Abras:<a href=\"http:\/\/www.miquelabras.com\/\" rel=\"nofollow nofollow\" target=\"_blank\"> www.miquelabras.com<\/a><\/p>\n","protected":false},"excerpt":{"rendered":"<p>Miquel Abras, un dels cantautors catalans amb m\u00e9s projecci\u00f3, va fer un concert ac\u00fastic de petit format a l&#8217;espai eat &#8230;<\/p>\n","protected":false},"author":1,"featured_media":1144,"comment_status":"open","ping_status":"open","sticky":false,"template":"","format":"standard","meta":{"footnotes":""},"categories":[9],"tags":[],"class_list":["post-803","post","type-post","status-publish","format-standard","has-post-thumbnail","hentry","category-historic"],"_links":{"self":[{"href":"http:\/\/fundaciolluiscoromina.org\/index.php\/wp-json\/wp\/v2\/posts\/803","targetHints":{"allow":["GET"]}}],"collection":[{"href":"http:\/\/fundaciolluiscoromina.org\/index.php\/wp-json\/wp\/v2\/posts"}],"about":[{"href":"http:\/\/fundaciolluiscoromina.org\/index.php\/wp-json\/wp\/v2\/types\/post"}],"author":[{"embeddable":true,"href":"http:\/\/fundaciolluiscoromina.org\/index.php\/wp-json\/wp\/v2\/users\/1"}],"replies":[{"embeddable":true,"href":"http:\/\/fundaciolluiscoromina.org\/index.php\/wp-json\/wp\/v2\/comments?post=803"}],"version-history":[{"count":0,"href":"http:\/\/fundaciolluiscoromina.org\/index.php\/wp-json\/wp\/v2\/posts\/803\/revisions"}],"wp:attachment":[{"href":"http:\/\/fundaciolluiscoromina.org\/index.php\/wp-json\/wp\/v2\/media?parent=803"}],"wp:term":[{"taxonomy":"category","embeddable":true,"href":"http:\/\/fundaciolluiscoromina.org\/index.php\/wp-json\/wp\/v2\/categories?post=803"},{"taxonomy":"post_tag","embeddable":true,"href":"http:\/\/fundaciolluiscoromina.org\/index.php\/wp-json\/wp\/v2\/tags?post=803"}],"curies":[{"name":"wp","href":"https:\/\/api.w.org\/{rel}","templated":true}]}}