{"id":829,"date":"2011-11-21T09:28:20","date_gmt":"2011-11-21T09:28:20","guid":{"rendered":"http:\/\/espaieatart.wordpress.com\/?p=829"},"modified":"2011-11-21T09:28:20","modified_gmt":"2011-11-21T09:28:20","slug":"destomac-de-estomago-exposicio-de-manolo-sierra-a-lespai-eat-art","status":"publish","type":"post","link":"http:\/\/fundaciolluiscoromina.org\/index.php\/2011\/11\/21\/destomac-de-estomago-exposicio-de-manolo-sierra-a-lespai-eat-art\/","title":{"rendered":"\u00abD&#8217;Est\u00f3mac \/ De Est\u00f3mago\u00bb exposici\u00f3 de Manolo Sierra a l&#8217;Espai Eat Art"},"content":{"rendered":"<p style=\"text-align:justify;\">Fins al 28 de gener del 2012 Eat Art Lluis Vil\u00e0 presenta l\u2019exposici\u00f3 <em>\u00abD\u2019Est\u00f3mac. De Est\u00f3mago\u00bb<\/em> de Manolo Sierra (C\u00e0diz, 1973). La mostra es va inaugurar el dia 26 de novembre al migdia amb la pres\u00e8ncia de l\u2019artista i el director de <em>bonart<\/em> i Eat Art Lluis Vil\u00e0, Ricard Planas que va destacar el treball del creador gadit\u00e0 arrelat a l\u2019Alt Empord\u00e0.<\/p>\n<p style=\"text-align:justify;\">Durant l\u2019acte de presentaci\u00f3 es va fer una performance a c\u00e0rrec d&#8217;Anna Carner (violoncel) i J\u00falia Falg\u00e0s (acci\u00f3).<\/p>\n<p style=\"text-align:justify;\"><a href=\"http:\/\/espaieatart.files.wordpress.com\/2011\/11\/manolo-collage.jpg\"><img loading=\"lazy\" decoding=\"async\" class=\"aligncenter size-large wp-image-840\" title=\"manolo collage\" src=\"http:\/\/espaieatart.files.wordpress.com\/2011\/11\/manolo-collage.jpg?w=1024\" alt=\"\" width=\"1024\" height=\"600\" \/><\/a><\/p>\n<p style=\"text-align:justify;\"><span style=\"color:#000000;\">\u00abPer<\/span> aquesta exposici\u00f3 he recopilat una bona quantitat de dibuixos i quadres que d&#8217;alguna manera tenen quelcom a veure amb l&#8217;aliment. A l&#8217;Espai Eat Art_LLu\u00eds Vil\u00e0 se m&#8217;ha donat l&#8217;oportunitat d&#8217;exposar obra m\u00e9s visceral, imaginativa i desenfadada, juntament amb treballs m\u00e9s naturalistes o realistes. Aquest recull de dibuixos i pintures arrenca el 2011 i, per a la meva sorpresa, hi abunda el paper. La ingesti\u00f3 i expulsi\u00f3 d&#8217;aliment ha estat un tema recurrent en la meva obra des de fa anys.<\/p>\n<p style=\"text-align:justify;\">Qu\u00e8 ens alimenta?, de quina manera ens alimentem? S\u00f3n les preguntes que em ressonen quan miro aquesta selecci\u00f3 de treballs. Som el que ingerim, oferim el que som, oferim les deixalles del que som?, les restes, per la resta? Si, quan menjo ja penso en les deixalles. En alguns quadres, encara que no ho sembli, el menjar \u00e9s m\u00e9s excessiu que esc\u00e0s. Veig sobralles. Veig restes de la destrucci\u00f3 necess\u00e0ria per participar en aquests actes\u00bb<\/p>\n<p style=\"text-align:justify;\">Manolo Sierra<\/p>\n<p style=\"text-align:justify;\"><em>\u00abPara esta exposici\u00f3n he recopilado una buena cantidad de dibujos y cuadros, que de alguna manera tienen algo que ver con el alimento. En el Espai Eat Art_Llu\u00eds Vil\u00e0 se me ha dado la oportunidad de exponer obra m\u00e1s visceral, imaginativa y desenfadada, junto con trabajos m\u00e1s naturalistas o realistas. Esta recopilaci\u00f3n de dibujos y pinturas arranca en el 2001 y en ella, para mi sorpresa, abunda el papel. La ingesti\u00f3n y expulsi\u00f3n de alimento ha sido un tema recurrente en mi obra desde hace a\u00f1os.<\/em><\/p>\n<p style=\"text-align:justify;\"><em>\u00bfQu\u00e9 nos alimenta?, \u00bfde qu\u00e9 modo nos alimentamos? Son las preguntas que m\u00e1s me resuenan al mirar esta selecci\u00f3n de trabajos. Somos lo que ingerimos, ofrecemos lo que somos, \u00bfofrecemos el desecho de lo que somos?, \u00bflos restos, para el resto? S\u00ed, al comer ya pienso en los despojos. En algunos cuadros, aunque no lo parezca, la comida es m\u00e1s excesiva que escasa. Veo sobras. Veo restos de la destrucci\u00f3n necesaria para participar de estos actos\u00bb<\/em><\/p>\n<p style=\"text-align:justify;\"><em>Manolo Sierra<\/em><\/p>\n<p style=\"text-align:justify;\">\n","protected":false},"excerpt":{"rendered":"<p>Fins al 28 de gener del 2012 Eat Art Lluis Vil\u00e0 presenta l\u2019exposici\u00f3 \u00abD\u2019Est\u00f3mac. De Est\u00f3mago\u00bb de Manolo Sierra (C\u00e0diz, &#8230;<\/p>\n","protected":false},"author":1,"featured_media":840,"comment_status":"open","ping_status":"open","sticky":false,"template":"","format":"standard","meta":{"footnotes":""},"categories":[9],"tags":[],"class_list":["post-829","post","type-post","status-publish","format-standard","has-post-thumbnail","hentry","category-historic"],"_links":{"self":[{"href":"http:\/\/fundaciolluiscoromina.org\/index.php\/wp-json\/wp\/v2\/posts\/829","targetHints":{"allow":["GET"]}}],"collection":[{"href":"http:\/\/fundaciolluiscoromina.org\/index.php\/wp-json\/wp\/v2\/posts"}],"about":[{"href":"http:\/\/fundaciolluiscoromina.org\/index.php\/wp-json\/wp\/v2\/types\/post"}],"author":[{"embeddable":true,"href":"http:\/\/fundaciolluiscoromina.org\/index.php\/wp-json\/wp\/v2\/users\/1"}],"replies":[{"embeddable":true,"href":"http:\/\/fundaciolluiscoromina.org\/index.php\/wp-json\/wp\/v2\/comments?post=829"}],"version-history":[{"count":0,"href":"http:\/\/fundaciolluiscoromina.org\/index.php\/wp-json\/wp\/v2\/posts\/829\/revisions"}],"wp:attachment":[{"href":"http:\/\/fundaciolluiscoromina.org\/index.php\/wp-json\/wp\/v2\/media?parent=829"}],"wp:term":[{"taxonomy":"category","embeddable":true,"href":"http:\/\/fundaciolluiscoromina.org\/index.php\/wp-json\/wp\/v2\/categories?post=829"},{"taxonomy":"post_tag","embeddable":true,"href":"http:\/\/fundaciolluiscoromina.org\/index.php\/wp-json\/wp\/v2\/tags?post=829"}],"curies":[{"name":"wp","href":"https:\/\/api.w.org\/{rel}","templated":true}]}}