{"id":852,"date":"2011-12-08T12:17:07","date_gmt":"2011-12-08T12:17:07","guid":{"rendered":"http:\/\/espaieatart.wordpress.com\/?p=852"},"modified":"2011-12-08T12:17:07","modified_gmt":"2011-12-08T12:17:07","slug":"obra-pictorica-i-escultura-de-lluis-vila-al-pga-catalunya-caldes-de-malavella","status":"publish","type":"post","link":"http:\/\/fundaciolluiscoromina.org\/index.php\/2011\/12\/08\/obra-pictorica-i-escultura-de-lluis-vila-al-pga-catalunya-caldes-de-malavella\/","title":{"rendered":"Obra pict\u00f2rica i escultura de LLu\u00eds Vil\u00e0 al PGA Catalunya, Caldes de Malavella"},"content":{"rendered":"<p style=\"text-align:justify;\"><a href=\"http:\/\/espaieatart.files.wordpress.com\/2011\/12\/pga-collage-unit.jpg\"><img loading=\"lazy\" decoding=\"async\" class=\"aligncenter size-large wp-image-853\" title=\"cases PGA obres\/collage\" src=\"http:\/\/espaieatart.files.wordpress.com\/2011\/12\/pga-collage-unit.jpg?w=1024\" alt=\"\" width=\"1024\" height=\"299\" \/><\/a>Llu\u00eds Vil\u00e0, Arranz-Bravo, Pere Gifre i Anna Bah\u00ed dimensionen l&#8217;arquitectura minimalista del Golf PGA de Caldes de Malavella.<\/p>\n<p style=\"text-align:justify;\">L&#8217;art ha servit, tot sovint, per impulsar i vestir l&#8217;est\u00e8tica de la contemporane\u00eftat. En aquesta l\u00ednia, els responsables del Golf PGA de Caldes de Malavella van creure oport\u00fa que, dins el projecte d&#8217;urbanitzaci\u00f3 de luxe que s&#8217;est\u00e0 construint dins el recinte, l&#8217;art hi tingu\u00e9s una pres\u00e8ncia reeixida.<\/p>\n<p style=\"text-align:justify;\"><em>Fragment de l&#8217;article de la revista bonart\/juliol 2011.<\/em><\/p>\n","protected":false},"excerpt":{"rendered":"<p>Llu\u00eds Vil\u00e0, Arranz-Bravo, Pere Gifre i Anna Bah\u00ed dimensionen l&#8217;arquitectura minimalista del Golf PGA de Caldes de Malavella. L&#8217;art ha &#8230;<\/p>\n","protected":false},"author":1,"featured_media":853,"comment_status":"open","ping_status":"open","sticky":false,"template":"","format":"standard","meta":{"footnotes":""},"categories":[9],"tags":[],"class_list":["post-852","post","type-post","status-publish","format-standard","has-post-thumbnail","hentry","category-historic"],"_links":{"self":[{"href":"http:\/\/fundaciolluiscoromina.org\/index.php\/wp-json\/wp\/v2\/posts\/852","targetHints":{"allow":["GET"]}}],"collection":[{"href":"http:\/\/fundaciolluiscoromina.org\/index.php\/wp-json\/wp\/v2\/posts"}],"about":[{"href":"http:\/\/fundaciolluiscoromina.org\/index.php\/wp-json\/wp\/v2\/types\/post"}],"author":[{"embeddable":true,"href":"http:\/\/fundaciolluiscoromina.org\/index.php\/wp-json\/wp\/v2\/users\/1"}],"replies":[{"embeddable":true,"href":"http:\/\/fundaciolluiscoromina.org\/index.php\/wp-json\/wp\/v2\/comments?post=852"}],"version-history":[{"count":0,"href":"http:\/\/fundaciolluiscoromina.org\/index.php\/wp-json\/wp\/v2\/posts\/852\/revisions"}],"wp:attachment":[{"href":"http:\/\/fundaciolluiscoromina.org\/index.php\/wp-json\/wp\/v2\/media?parent=852"}],"wp:term":[{"taxonomy":"category","embeddable":true,"href":"http:\/\/fundaciolluiscoromina.org\/index.php\/wp-json\/wp\/v2\/categories?post=852"},{"taxonomy":"post_tag","embeddable":true,"href":"http:\/\/fundaciolluiscoromina.org\/index.php\/wp-json\/wp\/v2\/tags?post=852"}],"curies":[{"name":"wp","href":"https:\/\/api.w.org\/{rel}","templated":true}]}}