{"id":870,"date":"2011-12-09T23:04:39","date_gmt":"2011-12-09T23:04:39","guid":{"rendered":"http:\/\/espaieatart.wordpress.com\/?p=870"},"modified":"2011-12-09T23:04:39","modified_gmt":"2011-12-09T23:04:39","slug":"rosa-gratacos-un-referent-en-educacio-de-lart","status":"publish","type":"post","link":"http:\/\/fundaciolluiscoromina.org\/index.php\/2011\/12\/09\/rosa-gratacos-un-referent-en-educacio-de-lart\/","title":{"rendered":"Rosa Gratac\u00f3s, un referent en educaci\u00f3 de l&#8217;art"},"content":{"rendered":"<p>Rosa Gratac\u00f3s i Massanellas, llicenciada i doctora en Belles Arts per la UB i professora em\u00e8rita de la UAB \u00e9s un referent de l&#8217;educaci\u00f3 de l&#8217;art. Gratac\u00f3s, una banyolina que viu des de fa molts anys a Barcelona, va visitar l&#8217;espai Eat Art recentment per comen\u00e7ar a establir col\u00b7laboracions amb el centre.<\/p>\n<p>Rosa Gratac\u00f3s Massanellas ha realitzat la seva tasca acad\u00e8mica i investigadora entorn a dues l\u00ednies: la formaci\u00f3 dels professors d&#8217;Educaci\u00f3 Prim\u00e0ria en el camp de les arts pl\u00e0stiques i la investigaci\u00f3 sobre la percepci\u00f3 de l&#8217;art i la integraci\u00f3 social per part de les persones cegues. Tamb\u00e9 ha dissenyat i implantat diverses accions culturals adre\u00e7ades a la difusi\u00f3 de l&#8217;art i el patrimoni cultural per a persones invidents, participant en projectes nacionals i estrangers. Entre els premis recents ha rebut el el XVII Premi Mestres 68 &#8211; 2010\u00a0 en l&#8217;apartat de Premi Personal a la proposta presentada: reconeixement a la tasca desenvolupada en el m\u00f3n de l&#8217;educaci\u00f3.<\/p>\n<p>A la fotografia, Rosa Gratac\u00f3s i Anna Bah\u00ed, coordinadora de l&#8217;espai eat art.<\/p>\n<p><a href=\"http:\/\/espaieatart.files.wordpress.com\/2011\/12\/foto.jpg\"><img loading=\"lazy\" decoding=\"async\" class=\"alignleft  wp-image-871\" title=\"Rosa Gratac\u00f3s i Anna Bah\u00ed a l'espai eat art\" src=\"http:\/\/espaieatart.files.wordpress.com\/2011\/12\/foto.jpg?w=1024\" alt=\"\" width=\"340\" height=\"255\" \/><\/a><\/p>\n","protected":false},"excerpt":{"rendered":"<p>Rosa Gratac\u00f3s i Massanellas, llicenciada i doctora en Belles Arts per la UB i professora em\u00e8rita de la UAB \u00e9s &#8230;<\/p>\n","protected":false},"author":1,"featured_media":871,"comment_status":"open","ping_status":"open","sticky":false,"template":"","format":"standard","meta":{"footnotes":""},"categories":[9],"tags":[24,25,26,27,28],"class_list":["post-870","post","type-post","status-publish","format-standard","has-post-thumbnail","hentry","category-historic","tag-art","tag-contemporani","tag-educacio","tag-espai-eat-art","tag-rosa-gratacos"],"_links":{"self":[{"href":"http:\/\/fundaciolluiscoromina.org\/index.php\/wp-json\/wp\/v2\/posts\/870","targetHints":{"allow":["GET"]}}],"collection":[{"href":"http:\/\/fundaciolluiscoromina.org\/index.php\/wp-json\/wp\/v2\/posts"}],"about":[{"href":"http:\/\/fundaciolluiscoromina.org\/index.php\/wp-json\/wp\/v2\/types\/post"}],"author":[{"embeddable":true,"href":"http:\/\/fundaciolluiscoromina.org\/index.php\/wp-json\/wp\/v2\/users\/1"}],"replies":[{"embeddable":true,"href":"http:\/\/fundaciolluiscoromina.org\/index.php\/wp-json\/wp\/v2\/comments?post=870"}],"version-history":[{"count":0,"href":"http:\/\/fundaciolluiscoromina.org\/index.php\/wp-json\/wp\/v2\/posts\/870\/revisions"}],"wp:attachment":[{"href":"http:\/\/fundaciolluiscoromina.org\/index.php\/wp-json\/wp\/v2\/media?parent=870"}],"wp:term":[{"taxonomy":"category","embeddable":true,"href":"http:\/\/fundaciolluiscoromina.org\/index.php\/wp-json\/wp\/v2\/categories?post=870"},{"taxonomy":"post_tag","embeddable":true,"href":"http:\/\/fundaciolluiscoromina.org\/index.php\/wp-json\/wp\/v2\/tags?post=870"}],"curies":[{"name":"wp","href":"https:\/\/api.w.org\/{rel}","templated":true}]}}