{"id":8737,"date":"2026-02-19T12:02:28","date_gmt":"2026-02-19T11:02:28","guid":{"rendered":"http:\/\/www.fundaciolluiscoromina.org\/?p=6811"},"modified":"2026-09-02T16:50:27","modified_gmt":"2026-09-02T14:50:27","slug":"lespai-eat-art-prolonga-lexposicio-lliscar-flotar-ingravidesa-de-quim-pujol-fins-a-finals-de-marc","status":"publish","type":"post","link":"http:\/\/fundaciolluiscoromina.org\/index.php\/2026\/02\/19\/lespai-eat-art-prolonga-lexposicio-lliscar-flotar-ingravidesa-de-quim-pujol-fins-a-finals-de-marc\/","title":{"rendered":"L&#8217;Espai Eat Art de Banyoles prolonga l\u2019exposici\u00f3 \u2018Lliscar-Flotar: Ingravidesa\u2019 de Quim Pujol fins a finals de mar\u00e7"},"content":{"rendered":"<p>L&#8217;exposici\u00f3 <em>Lliscar-Flotar: Ingravidesa<\/em> de l&#8217;arquitecte i exesportista d&#8217;elit Quim Pujol prolonga la seva estada a l&#8217;Espai Eat Art de Banyoles fins al 28 de mar\u00e7. Una mostra que proposa una revisi\u00f3 de l\u2019obra arquitect\u00f2nica del banyol\u00ed, entesa des de la relaci\u00f3 profunda que aquesta ha mantingut amb el m\u00f3n de l\u2019esport i en concret com a nedador d\u2019alta competici\u00f3\u00a0i dirigent internacional.<\/p>\n<p>L\u2019exposici\u00f3 ofereix una mirada retrospectiva a la seva vida esportiva i professional, nascuda a la ciutat\u00a0i desenvolupada en el context internacional. Una oportunitat per gaudir, des d\u2019una mirada creativa,\u00a0de<strong> la complicitat entre l\u2019aigua i el nedador i la immersi\u00f3 de l\u2019arquitecte entre els volums que configuren els espais<\/strong>. Un paral\u00b7lelisme entre el vertigen del salt a l\u2019aigua i l\u2019arquitecte davant del paper en blanc.<\/p>\n","protected":false},"excerpt":{"rendered":"<p>L&#8217;exposici\u00f3 Lliscar-Flotar: Ingravidesa de l&#8217;arquitecte i exesportista d&#8217;elit Quim Pujol prolonga la seva estada a l&#8217;Espai Eat Art de Banyoles &#8230;<\/p>\n","protected":false},"author":1,"featured_media":8720,"comment_status":"closed","ping_status":"open","sticky":false,"template":"","format":"standard","meta":{"footnotes":""},"categories":[259,17],"tags":[],"class_list":["post-8737","post","type-post","status-publish","format-standard","has-post-thumbnail","hentry","category-exposicio-actual","category-exposicions-espai-eat-art"],"_links":{"self":[{"href":"http:\/\/fundaciolluiscoromina.org\/index.php\/wp-json\/wp\/v2\/posts\/8737","targetHints":{"allow":["GET"]}}],"collection":[{"href":"http:\/\/fundaciolluiscoromina.org\/index.php\/wp-json\/wp\/v2\/posts"}],"about":[{"href":"http:\/\/fundaciolluiscoromina.org\/index.php\/wp-json\/wp\/v2\/types\/post"}],"author":[{"embeddable":true,"href":"http:\/\/fundaciolluiscoromina.org\/index.php\/wp-json\/wp\/v2\/users\/1"}],"replies":[{"embeddable":true,"href":"http:\/\/fundaciolluiscoromina.org\/index.php\/wp-json\/wp\/v2\/comments?post=8737"}],"version-history":[{"count":1,"href":"http:\/\/fundaciolluiscoromina.org\/index.php\/wp-json\/wp\/v2\/posts\/8737\/revisions"}],"predecessor-version":[{"id":8748,"href":"http:\/\/fundaciolluiscoromina.org\/index.php\/wp-json\/wp\/v2\/posts\/8737\/revisions\/8748"}],"wp:featuredmedia":[{"embeddable":true,"href":"http:\/\/fundaciolluiscoromina.org\/index.php\/wp-json\/wp\/v2\/media\/8720"}],"wp:attachment":[{"href":"http:\/\/fundaciolluiscoromina.org\/index.php\/wp-json\/wp\/v2\/media?parent=8737"}],"wp:term":[{"taxonomy":"category","embeddable":true,"href":"http:\/\/fundaciolluiscoromina.org\/index.php\/wp-json\/wp\/v2\/categories?post=8737"},{"taxonomy":"post_tag","embeddable":true,"href":"http:\/\/fundaciolluiscoromina.org\/index.php\/wp-json\/wp\/v2\/tags?post=8737"}],"curies":[{"name":"wp","href":"https:\/\/api.w.org\/{rel}","templated":true}]}}