{"id":8738,"date":"2026-03-02T13:12:41","date_gmt":"2026-03-02T12:12:41","guid":{"rendered":"http:\/\/www.fundaciolluiscoromina.org\/?p=6816"},"modified":"2026-09-02T16:50:27","modified_gmt":"2026-09-02T14:50:27","slug":"el-cineasta-albert-serra-guanya-el-seu-primer-goya-amb-la-pellicula-documental-tardes-de-soledad","status":"publish","type":"post","link":"http:\/\/fundaciolluiscoromina.org\/index.php\/2026\/03\/02\/el-cineasta-albert-serra-guanya-el-seu-primer-goya-amb-la-pellicula-documental-tardes-de-soledad\/","title":{"rendered":"El cineasta Albert Serra guanya el seu primer Goya amb la pel\u00b7l\u00edcula documental &#8216;Tardes de soledad&#8217;"},"content":{"rendered":"<div class=\"flex flex-col text-sm pb-25\">\n<article class=\"text-token-text-primary w-full focus:outline-none [--shadow-height:45px] has-data-writing-block:pointer-events-none has-data-writing-block:-mt-(--shadow-height) has-data-writing-block:pt-(--shadow-height) [&amp;:has([data-writing-block])&gt;*]:pointer-events-auto scroll-mt-[calc(var(--header-height)+min(200px,max(70px,20svh)))]\" dir=\"auto\" tabindex=\"-1\" data-turn-id=\"request-WEB:75d04694-9756-4bfd-9276-196890191323-1\" data-testid=\"conversation-turn-4\" data-scroll-anchor=\"true\" data-turn=\"assistant\">\n<div class=\"text-base my-auto mx-auto pb-10 [--thread-content-margin:--spacing(4)] @w-sm\/main:[--thread-content-margin:--spacing(6)] @w-lg\/main:[--thread-content-margin:--spacing(16)] px-(--thread-content-margin)\">\n<div class=\"[--thread-content-max-width:40rem] @w-lg\/main:[--thread-content-max-width:48rem] mx-auto max-w-(--thread-content-max-width) flex-1 group\/turn-messages focus-visible:outline-hidden relative flex w-full min-w-0 flex-col agent-turn\" tabindex=\"-1\">\n<div>\n<div dir=\"auto\" data-message-author-role=\"assistant\" data-message-id=\"6a421b32-a139-4b32-aaf4-98317d782bfe\" data-message-model-slug=\"gpt-5-2\">\n<div>\n<p data-start=\"0\" data-end=\"263\">La 40a edici\u00f3 dels <span class=\"hover:entity-accent entity-underline inline cursor-pointer align-baseline\"><span class=\"whitespace-normal\">Premios Goya<\/span><\/span>, celebrada aquest dissabte 28 de febrer a <span class=\"hover:entity-accent entity-underline inline cursor-pointer align-baseline\"><span class=\"whitespace-normal\">Barcelona<\/span><\/span>, ha premiat el cineasta catal\u00e0 Albert Serra per la seva pel\u00b7l\u00edcula <em data-start=\"204\" data-end=\"223\">Tardes de soledad,<\/em> en la categoria de Millor Documental.\u00a0El director, que ja havia estat reconegut amb la <span class=\"hover:entity-accent entity-underline inline cursor-pointer align-baseline\"><span class=\"whitespace-normal\">Concha de Oro<\/span><\/span> al <span class=\"hover:entity-accent entity-underline inline cursor-pointer align-baseline\"><span class=\"whitespace-normal\">Festival Internacional de Cine de San Sebasti\u00e1n<\/span><\/span>, tamb\u00e9 competia en la categoria de Millor Direcci\u00f3, un fet in\u00e8dit fins ara per a un realitzador de documentals.<\/p>\n<p data-start=\"608\" data-end=\"915\" data-is-last-node=\"\" data-is-only-node=\"\">La pel\u00b7l\u00edcula ofereix un retrat \u00edntim i professional del torero Andr\u00e9s Roca Rey. Amb la seva mirada contemplativa, Serra aprofundeix en els silencis, la tensi\u00f3 i la dimensi\u00f3 humana del protagonista.<\/p>\n<\/div>\n<\/div>\n<\/div>\n<div class=\"z-0 flex min-h-[46px] justify-start\"><\/div>\n<div class=\"mt-3 w-full empty:hidden\"><\/div>\n<\/div>\n<\/div>\n<\/article>\n<\/div>\n<div class=\"pointer-events-none h-px w-px absolute bottom-0\" aria-hidden=\"true\" data-edge=\"true\"><\/div>\n","protected":false},"excerpt":{"rendered":"<p>La 40a edici\u00f3 dels Premios Goya, celebrada aquest dissabte 28 de febrer a Barcelona, ha premiat el cineasta catal\u00e0 Albert &#8230;<\/p>\n","protected":false},"author":1,"featured_media":6819,"comment_status":"closed","ping_status":"open","sticky":false,"template":"","format":"standard","meta":{"footnotes":""},"categories":[14,262],"tags":[],"class_list":["post-8738","post","type-post","status-publish","format-standard","has-post-thumbnail","hentry","category-accions-culturals","category-noticies"],"_links":{"self":[{"href":"http:\/\/fundaciolluiscoromina.org\/index.php\/wp-json\/wp\/v2\/posts\/8738","targetHints":{"allow":["GET"]}}],"collection":[{"href":"http:\/\/fundaciolluiscoromina.org\/index.php\/wp-json\/wp\/v2\/posts"}],"about":[{"href":"http:\/\/fundaciolluiscoromina.org\/index.php\/wp-json\/wp\/v2\/types\/post"}],"author":[{"embeddable":true,"href":"http:\/\/fundaciolluiscoromina.org\/index.php\/wp-json\/wp\/v2\/users\/1"}],"replies":[{"embeddable":true,"href":"http:\/\/fundaciolluiscoromina.org\/index.php\/wp-json\/wp\/v2\/comments?post=8738"}],"version-history":[{"count":1,"href":"http:\/\/fundaciolluiscoromina.org\/index.php\/wp-json\/wp\/v2\/posts\/8738\/revisions"}],"predecessor-version":[{"id":9190,"href":"http:\/\/fundaciolluiscoromina.org\/index.php\/wp-json\/wp\/v2\/posts\/8738\/revisions\/9190"}],"wp:featuredmedia":[{"embeddable":true,"href":"http:\/\/fundaciolluiscoromina.org\/index.php\/wp-json\/wp\/v2\/media\/6819"}],"wp:attachment":[{"href":"http:\/\/fundaciolluiscoromina.org\/index.php\/wp-json\/wp\/v2\/media?parent=8738"}],"wp:term":[{"taxonomy":"category","embeddable":true,"href":"http:\/\/fundaciolluiscoromina.org\/index.php\/wp-json\/wp\/v2\/categories?post=8738"},{"taxonomy":"post_tag","embeddable":true,"href":"http:\/\/fundaciolluiscoromina.org\/index.php\/wp-json\/wp\/v2\/tags?post=8738"}],"curies":[{"name":"wp","href":"https:\/\/api.w.org\/{rel}","templated":true}]}}