{"id":8739,"date":"2026-03-04T10:59:34","date_gmt":"2026-03-04T09:59:34","guid":{"rendered":"http:\/\/www.fundaciolluiscoromina.org\/?p=6822"},"modified":"2026-09-02T16:50:27","modified_gmt":"2026-09-02T14:50:27","slug":"la-fundacio-lluis-coromina-isern-presenta-lavantprojecte-de-la-futura-casa-museu-centre-de-les-arts-a-la-prestigiosa-fira-arcomadrid-2026","status":"publish","type":"post","link":"http:\/\/fundaciolluiscoromina.org\/index.php\/2026\/03\/04\/la-fundacio-lluis-coromina-isern-presenta-lavantprojecte-de-la-futura-casa-museu-centre-de-les-arts-a-la-prestigiosa-fira-arcomadrid-2026\/","title":{"rendered":"La Fundaci\u00f3 Llu\u00eds Coromina Isern presenta l\u2019avantprojecte de la futura Casa Museu \u2013 Centre de les Arts a la prestigiosa fira ARCOmadrid 2026"},"content":{"rendered":"<p>Des d\u2019avui i fins al diumenge 8 de mar\u00e7, la Fundaci\u00f3 Llu\u00eds Coromina Isern participar\u00e0 en la nova edici\u00f3 de la <a href=\"https:\/\/www.ifema.es\/arco\/madrid\">Fira ARCOmadrid<\/a> amb un estand propi, coincidint amb el quinz\u00e8 aniversari de la Fundaci\u00f3. Un espai expositiu on es mostrar\u00e0 un avan\u00e7ament del que ser\u00e0 el nou projecte arquitect\u00f2nic de la futura <strong>Casa Museu \u2013 Centre de les Arts<\/strong>, una obra de l\u2019arquitecte i escultor Josep Mi\u00e0s,\u00a0concebuda per acollir la singular col\u00b7lecci\u00f3 privada de pintura i escultura de Llu\u00eds Coromina Isern.\u00a0<strong>La presentaci\u00f3 ser\u00e0 dijous a les 12 h\u00a0<\/strong>amb la participaci\u00f3 de Llu\u00eds Coromina Isern, president de la Fundaci\u00f3, Josep Mi\u00e0s, arquitecte, i Ricard Planas, director de la Fundaci\u00f3.<\/p>\n<p>Aquest avantprojecte consta d&#8217;un conjunt de maquetes que permeten descobrir les l\u00ednies mestres d\u2019aquest centre, amb diversos espais dissenyats per a l\u2019art, tant interiors com exteriors, en un di\u00e0leg singular amb l\u2019entorn natural del Pla de l\u2019Estany. Un cos format per diferents pavellons que s&#8217;integraran al jard\u00ed\u00a0del castell de Porqueres, amb les seves runes paleocristianes properes a una esgl\u00e9sia rom\u00e0nica, mitjan\u00e7ant murs acristallats i cobertes, algunes verdes i altres de cer\u00e0miques de colors que recorden les dels ocells ex\u00f2tics amb els quals conviu el col\u00b7leccionista. En una parcel\u00b7la de quatre hect\u00e0rees, el centre ocupar\u00e0 1.500 metres fragmentats en diferents cossos, i una part de la col\u00b7lecci\u00f3, la d\u2019escultura, estar\u00e0 camuflada al paisatge, mentre que a l\u2019interior s\u2019exhibir\u00e0 la de pintura.<\/p>\n<p>Organitzada per IFEMA, ARCOmadrid se celebra anualment a Madrid des del 1982 i s\u2019ha consolidat com una de les principals cites del circuit internacional d\u2019art contemporani, un aparador clau per a galeries, artistes, col\u00b7leccionistes i professionals del sector. Amb aquesta participaci\u00f3, la Fundaci\u00f3 Llu\u00eds Coromina Isern reafirma el seu comprom\u00eds amb la promoci\u00f3 de l\u2019art contemporani, en un any especialment significatiu, marcat pels actes commemoratius dels quinze anys del seu naixement.<\/p>\n<p>&nbsp;<\/p>\n<p><img loading=\"lazy\" decoding=\"async\" class=\"alignnone size-medium wp-image-6831\" src=\"http:\/\/test.fundaciolluiscoromina.org\/wp-content\/uploads\/2026\/03\/26.03-52-300x200.jpg\" alt=\"\" width=\"300\" height=\"200\" \/><\/p>\n<p><img loading=\"lazy\" decoding=\"async\" class=\"alignnone size-medium wp-image-6832\" src=\"http:\/\/test.fundaciolluiscoromina.org\/wp-content\/uploads\/2026\/03\/26.03-30-300x200.jpg\" alt=\"\" width=\"300\" height=\"200\" \/><\/p>\n<p><img loading=\"lazy\" decoding=\"async\" class=\"alignnone size-medium wp-image-6833\" src=\"http:\/\/test.fundaciolluiscoromina.org\/wp-content\/uploads\/2026\/03\/26.03-34-300x200.jpg\" alt=\"\" width=\"300\" height=\"200\" \/><\/p>\n<p><img loading=\"lazy\" decoding=\"async\" class=\"alignnone size-medium wp-image-6834\" src=\"http:\/\/test.fundaciolluiscoromina.org\/wp-content\/uploads\/2026\/03\/26.03-40-300x200.jpg\" alt=\"\" width=\"300\" height=\"200\" srcset=\"http:\/\/fundaciolluiscoromina.org\/wp-content\/uploads\/2026\/03\/26.03-40-300x200.jpg 300w, http:\/\/fundaciolluiscoromina.org\/wp-content\/uploads\/2026\/03\/26.03-40-1024x683.jpg 1024w, http:\/\/fundaciolluiscoromina.org\/wp-content\/uploads\/2026\/03\/26.03-40-768x512.jpg 768w, http:\/\/fundaciolluiscoromina.org\/wp-content\/uploads\/2026\/03\/26.03-40-1536x1024.jpg 1536w, http:\/\/fundaciolluiscoromina.org\/wp-content\/uploads\/2026\/03\/26.03-40-2048x1365.jpg 2048w\" sizes=\"auto, (max-width: 300px) 100vw, 300px\" \/><\/p>\n<p><img loading=\"lazy\" decoding=\"async\" class=\"alignnone size-medium wp-image-6835\" src=\"http:\/\/test.fundaciolluiscoromina.org\/wp-content\/uploads\/2026\/03\/26.03-46-300x200.jpg\" alt=\"\" width=\"300\" height=\"200\" \/><\/p>\n<p><img loading=\"lazy\" decoding=\"async\" class=\"alignnone size-medium wp-image-6836\" src=\"http:\/\/test.fundaciolluiscoromina.org\/wp-content\/uploads\/2026\/03\/26.03-48-300x200.jpg\" alt=\"\" width=\"300\" height=\"200\" srcset=\"http:\/\/fundaciolluiscoromina.org\/wp-content\/uploads\/2026\/03\/26.03-48-300x200.jpg 300w, http:\/\/fundaciolluiscoromina.org\/wp-content\/uploads\/2026\/03\/26.03-48-1024x683.jpg 1024w, http:\/\/fundaciolluiscoromina.org\/wp-content\/uploads\/2026\/03\/26.03-48-768x512.jpg 768w, http:\/\/fundaciolluiscoromina.org\/wp-content\/uploads\/2026\/03\/26.03-48-1536x1024.jpg 1536w, http:\/\/fundaciolluiscoromina.org\/wp-content\/uploads\/2026\/03\/26.03-48-2048x1365.jpg 2048w\" sizes=\"auto, (max-width: 300px) 100vw, 300px\" \/><\/p>\n<p><img loading=\"lazy\" decoding=\"async\" class=\"alignnone size-medium wp-image-6828\" src=\"http:\/\/test.fundaciolluiscoromina.org\/wp-content\/uploads\/2026\/03\/001-MIAS-Architects23-300x187.jpg\" alt=\"\" width=\"300\" height=\"187\" \/><\/p>\n<p>&nbsp;<\/p>\n<p>&nbsp;<\/p>\n","protected":false},"excerpt":{"rendered":"<p>Des d\u2019avui i fins al diumenge 8 de mar\u00e7, la Fundaci\u00f3 Llu\u00eds Coromina Isern participar\u00e0 en la nova edici\u00f3 de &#8230;<\/p>\n","protected":false},"author":1,"featured_media":8189,"comment_status":"closed","ping_status":"open","sticky":false,"template":"","format":"standard","meta":{"footnotes":""},"categories":[14,15,10,262],"tags":[],"class_list":["post-8739","post","type-post","status-publish","format-standard","has-post-thumbnail","hentry","category-accions-culturals","category-accions-socials","category-activitats","category-noticies"],"_links":{"self":[{"href":"http:\/\/fundaciolluiscoromina.org\/index.php\/wp-json\/wp\/v2\/posts\/8739","targetHints":{"allow":["GET"]}}],"collection":[{"href":"http:\/\/fundaciolluiscoromina.org\/index.php\/wp-json\/wp\/v2\/posts"}],"about":[{"href":"http:\/\/fundaciolluiscoromina.org\/index.php\/wp-json\/wp\/v2\/types\/post"}],"author":[{"embeddable":true,"href":"http:\/\/fundaciolluiscoromina.org\/index.php\/wp-json\/wp\/v2\/users\/1"}],"replies":[{"embeddable":true,"href":"http:\/\/fundaciolluiscoromina.org\/index.php\/wp-json\/wp\/v2\/comments?post=8739"}],"version-history":[{"count":1,"href":"http:\/\/fundaciolluiscoromina.org\/index.php\/wp-json\/wp\/v2\/posts\/8739\/revisions"}],"predecessor-version":[{"id":8747,"href":"http:\/\/fundaciolluiscoromina.org\/index.php\/wp-json\/wp\/v2\/posts\/8739\/revisions\/8747"}],"wp:featuredmedia":[{"embeddable":true,"href":"http:\/\/fundaciolluiscoromina.org\/index.php\/wp-json\/wp\/v2\/media\/8189"}],"wp:attachment":[{"href":"http:\/\/fundaciolluiscoromina.org\/index.php\/wp-json\/wp\/v2\/media?parent=8739"}],"wp:term":[{"taxonomy":"category","embeddable":true,"href":"http:\/\/fundaciolluiscoromina.org\/index.php\/wp-json\/wp\/v2\/categories?post=8739"},{"taxonomy":"post_tag","embeddable":true,"href":"http:\/\/fundaciolluiscoromina.org\/index.php\/wp-json\/wp\/v2\/tags?post=8739"}],"curies":[{"name":"wp","href":"https:\/\/api.w.org\/{rel}","templated":true}]}}