{"id":8740,"date":"2026-03-12T14:19:32","date_gmt":"2026-03-12T13:19:32","guid":{"rendered":"http:\/\/www.fundaciolluiscoromina.org\/?p=6841"},"modified":"2026-09-02T16:50:27","modified_gmt":"2026-09-02T14:50:27","slug":"lespai-isern-dalmau-prolonga-lexposicio-no-treure-el-cap-a-linterior-de-bernardi-roig-fins-a-finals-de-marc","status":"publish","type":"post","link":"http:\/\/fundaciolluiscoromina.org\/index.php\/2026\/03\/12\/lespai-isern-dalmau-prolonga-lexposicio-no-treure-el-cap-a-linterior-de-bernardi-roig-fins-a-finals-de-marc\/","title":{"rendered":"L&#8217;Espai Isern Dalmau prolonga l\u2019exposici\u00f3 \u2018[NO] Treure el cap a l\u2019Interior\u2019 de Bernard\u00ed Roig fins a finals de mar\u00e7"},"content":{"rendered":"<p>L&#8217;exposici\u00f3\u00a0<em>[NO] Treure el cap a l\u2019Interior<\/em> de l&#8217;escultor i artista multim\u00e8dia mallorqu\u00ed Bernard\u00ed Roig prolonga la seva estada a l&#8217;Espai Isern Dalmau de Barcelona fins al dissabte 28 de mar\u00e7. Una proposta de\u00a0la Fundaci\u00f3 Llu\u00eds Coromina Isern i la Galeria Miguel Marcos\u00a0que ofereix\u00a0una selecci\u00f3 de v\u00eddeos recents de\u00a0Bernard\u00ed\u00a0Roig (1965) al costat de la instal\u00b7laci\u00f3\u00a0<em>El Cap de Goya<\/em>\u00a0(2020).<\/p>\n<p>Cossos solitaris s\u2019enfronten al seu propi l\u00edmit, atrapats en la circularitat de l\u2019acte. En aquesta perseveran\u00e7a sense prop\u00f2sit, es condensa una pulsi\u00f3 de resist\u00e8ncia i un desig d\u2019insist\u00e8ncia, fins i tot quan el sentit es dissol. Cada obra \u00e9s una temptativa d\u2019encarnar el que s\u2019escapa: la mirada, el desig, la identitat, la carn que insisteix tot i que ja ha estat negada.\u00a0Aquestes imatges en moviment es desplacen amb obstinaci\u00f3 neur\u00f2tica, inefica\u00e7, irracional, ind\u00f2mita, fins i tot miccional; i formen una coreografia del fet\u00a0fallida.<\/p>\n","protected":false},"excerpt":{"rendered":"<p>L&#8217;exposici\u00f3\u00a0[NO] Treure el cap a l\u2019Interior de l&#8217;escultor i artista multim\u00e8dia mallorqu\u00ed Bernard\u00ed Roig prolonga la seva estada a l&#8217;Espai &#8230;<\/p>\n","protected":false},"author":1,"featured_media":8727,"comment_status":"closed","ping_status":"open","sticky":false,"template":"","format":"standard","meta":{"footnotes":""},"categories":[259,228],"tags":[],"class_list":["post-8740","post","type-post","status-publish","format-standard","has-post-thumbnail","hentry","category-exposicio-actual","category-exposicions-espai-isern-dalmau"],"_links":{"self":[{"href":"http:\/\/fundaciolluiscoromina.org\/index.php\/wp-json\/wp\/v2\/posts\/8740","targetHints":{"allow":["GET"]}}],"collection":[{"href":"http:\/\/fundaciolluiscoromina.org\/index.php\/wp-json\/wp\/v2\/posts"}],"about":[{"href":"http:\/\/fundaciolluiscoromina.org\/index.php\/wp-json\/wp\/v2\/types\/post"}],"author":[{"embeddable":true,"href":"http:\/\/fundaciolluiscoromina.org\/index.php\/wp-json\/wp\/v2\/users\/1"}],"replies":[{"embeddable":true,"href":"http:\/\/fundaciolluiscoromina.org\/index.php\/wp-json\/wp\/v2\/comments?post=8740"}],"version-history":[{"count":1,"href":"http:\/\/fundaciolluiscoromina.org\/index.php\/wp-json\/wp\/v2\/posts\/8740\/revisions"}],"predecessor-version":[{"id":8746,"href":"http:\/\/fundaciolluiscoromina.org\/index.php\/wp-json\/wp\/v2\/posts\/8740\/revisions\/8746"}],"wp:featuredmedia":[{"embeddable":true,"href":"http:\/\/fundaciolluiscoromina.org\/index.php\/wp-json\/wp\/v2\/media\/8727"}],"wp:attachment":[{"href":"http:\/\/fundaciolluiscoromina.org\/index.php\/wp-json\/wp\/v2\/media?parent=8740"}],"wp:term":[{"taxonomy":"category","embeddable":true,"href":"http:\/\/fundaciolluiscoromina.org\/index.php\/wp-json\/wp\/v2\/categories?post=8740"},{"taxonomy":"post_tag","embeddable":true,"href":"http:\/\/fundaciolluiscoromina.org\/index.php\/wp-json\/wp\/v2\/tags?post=8740"}],"curies":[{"name":"wp","href":"https:\/\/api.w.org\/{rel}","templated":true}]}}