{"id":9207,"date":"2026-05-06T12:40:27","date_gmt":"2026-05-06T10:40:27","guid":{"rendered":"http:\/\/www.fundaciolluiscoromina.org\/?p=6896"},"modified":"2026-09-02T16:50:27","modified_gmt":"2026-09-02T14:50:27","slug":"lespai-eat-art-de-banyoles-acull-la-inauguracio-de-lexposicio-t300-per-lamor-de-deu-de-curro-claret","status":"publish","type":"post","link":"http:\/\/fundaciolluiscoromina.org\/index.php\/2026\/05\/06\/lespai-eat-art-de-banyoles-acull-la-inauguracio-de-lexposicio-t300-per-lamor-de-deu-de-curro-claret\/","title":{"rendered":"L&#8217;Espai Eat Art de Banyoles acull la inauguraci\u00f3 de l&#8217;exposici\u00f3 &#8216;T300 + Per l\u2019amor de D\u00e9u&#8217; de Curro Claret"},"content":{"rendered":"<p style=\"text-align: left;\" data-pm-slice=\"1 1 []\">El pr\u00f2xim dijous 7 de maig, a les 18 h, l\u2019Espai Eat Art de Banyoles acollir\u00e0 la inauguraci\u00f3 de l\u2019exposici\u00f3 <em>T300 + Per l\u2019amor de D\u00e9u\u2026 <\/em>Una mostra del dissenyador industrial Curro Claret que s\u2019endinsa en la intersecci\u00f3 entre el disseny, l\u2019art i el comprom\u00eds social.<\/p>\n<p style=\"text-align: left;\">L\u2019exposici\u00f3 presenta peces de mobiliari fetes amb l\u2019utillatge T3OO, una pe\u00e7a met\u00e0l\u00b7lica triangular doblegada pels tres extrems amb uns quants forats. Es tracta d\u2019un instrument que permet simplificar la feina i oferir el coneixement i les eines dels ebenistes a les persones que no s\u2019hi dediquen professionalment. Especialment, est\u00e0 concebut per a acompanyar col\u00b7lectius en risc d\u2019exclusi\u00f3 social i formar part del seu proc\u00e9s de recobrament personal. L\u2019artista utilitza materials recuperats, que havien estat descartats, i els dona una segona oportunitat. La majoria d\u2019aquests mobles s\u2019han fet al taller de La Troballa d\u2019Arrels Fundaci\u00f3, entitat barcelonina que treballa amb persones que han viscut al carrer.<\/p>\n<p style=\"text-align: left;\">Aquesta exposici\u00f3 tamb\u00e9 inclou un exemplar de l\u2019obra <em>Per l\u2019amor de D\u00e9u<\/em>, un banc d\u2019esgl\u00e9sia que permet transformar-se en un llit ocasional, part d\u2019una exposici\u00f3 compromesa amb els col\u00b7lectius m\u00e9s oblidats. Aquest prototip en concret va ser realitzat per a l\u2019esgl\u00e9sia de Santa Anna de Barcelona.<\/p>\n<p style=\"text-align: left;\">Curro Claret utilitza el disseny com una eina de transformaci\u00f3 social. La seva pr\u00e0ctica posa el focus en les persones i en els processos m\u00e9s que no pas en els objectes finals, sovint desenvolupant projectes col\u00b7laboratius amb col\u00b7lectius en situaci\u00f3 de vulnerabilitat. El seu treball q\u00fcestiona els l\u00edmits tradicionals del disseny i defensa una pr\u00e0ctica m\u00e9s oberta, accessible i vinculada a la realitat social.<\/p>\n<p style=\"text-align: left;\">L\u2019exposici\u00f3 es podr\u00e0 visitar fins al dissabte 13 de juny en horari d\u2019obertura de l&#8217;espai.<\/p>\n<p>Horaris: de dimecres a divendres de 16 h a 20 h, dissabtes de 10 h a 14 h i de 16 h a 20 h.<\/p>\n","protected":false},"excerpt":{"rendered":"<p>El pr\u00f2xim dijous 7 de maig, a les 18 h, l\u2019Espai Eat Art de Banyoles acollir\u00e0 la inauguraci\u00f3 de l\u2019exposici\u00f3 &#8230;<\/p>\n","protected":false},"author":1,"featured_media":6897,"comment_status":"closed","ping_status":"open","sticky":false,"template":"","format":"standard","meta":{"footnotes":""},"categories":[259,17],"tags":[],"class_list":["post-9207","post","type-post","status-publish","format-standard","has-post-thumbnail","hentry","category-exposicio-actual","category-exposicions-espai-eat-art"],"_links":{"self":[{"href":"http:\/\/fundaciolluiscoromina.org\/index.php\/wp-json\/wp\/v2\/posts\/9207","targetHints":{"allow":["GET"]}}],"collection":[{"href":"http:\/\/fundaciolluiscoromina.org\/index.php\/wp-json\/wp\/v2\/posts"}],"about":[{"href":"http:\/\/fundaciolluiscoromina.org\/index.php\/wp-json\/wp\/v2\/types\/post"}],"author":[{"embeddable":true,"href":"http:\/\/fundaciolluiscoromina.org\/index.php\/wp-json\/wp\/v2\/users\/1"}],"replies":[{"embeddable":true,"href":"http:\/\/fundaciolluiscoromina.org\/index.php\/wp-json\/wp\/v2\/comments?post=9207"}],"version-history":[{"count":1,"href":"http:\/\/fundaciolluiscoromina.org\/index.php\/wp-json\/wp\/v2\/posts\/9207\/revisions"}],"predecessor-version":[{"id":9216,"href":"http:\/\/fundaciolluiscoromina.org\/index.php\/wp-json\/wp\/v2\/posts\/9207\/revisions\/9216"}],"wp:featuredmedia":[{"embeddable":true,"href":"http:\/\/fundaciolluiscoromina.org\/index.php\/wp-json\/wp\/v2\/media\/6897"}],"wp:attachment":[{"href":"http:\/\/fundaciolluiscoromina.org\/index.php\/wp-json\/wp\/v2\/media?parent=9207"}],"wp:term":[{"taxonomy":"category","embeddable":true,"href":"http:\/\/fundaciolluiscoromina.org\/index.php\/wp-json\/wp\/v2\/categories?post=9207"},{"taxonomy":"post_tag","embeddable":true,"href":"http:\/\/fundaciolluiscoromina.org\/index.php\/wp-json\/wp\/v2\/tags?post=9207"}],"curies":[{"name":"wp","href":"https:\/\/api.w.org\/{rel}","templated":true}]}}