{"id":9208,"date":"2026-05-05T09:11:39","date_gmt":"2026-05-05T07:11:39","guid":{"rendered":"http:\/\/www.fundaciolluiscoromina.org\/?p=6902"},"modified":"2026-09-02T16:50:27","modified_gmt":"2026-09-02T14:50:27","slug":"el-femjazz-arriba-a-lespai-eat-art-de-banyoles-amb-el-concert-de-juanma-trujillo-i-leonor-falcon","status":"publish","type":"post","link":"http:\/\/fundaciolluiscoromina.org\/index.php\/2026\/05\/05\/el-femjazz-arriba-a-lespai-eat-art-de-banyoles-amb-el-concert-de-juanma-trujillo-i-leonor-falcon\/","title":{"rendered":"El FEMJazz! arriba a l&#8217;Espai Eat Art de Banyoles amb el concert de Juanma Trujillo i Leonor Falc\u00f3n"},"content":{"rendered":"<p>El dijous 7 de maig, a les 21:30 h, l\u2019Espai Eat Art de Banyoles acollir\u00e0 el concert del guitarrista\u00a0Juanma Trujillo i la violinista Leonor Falc\u00f3n, una activitat en el marc de la nova edici\u00f3 del FEMJazz!.\u00a0Les cordes seran les protagonistes d&#8217;aquesta actuaci\u00f3, en qu\u00e8 el duo presentar\u00e0 el seu disc <em>Tres<\/em>,\u00a0en qu\u00e8 ofereix una mostra de la seva delicadesa i voluntat d\u2019experimentaci\u00f3.<\/p>\n<p>Organitzat pel Taller de M\u00fasica de Banyoles, el FEMJazz! va n\u00e9ixer el 1994, quan un grup de joves professors de m\u00fasica, que havien creat aquesta escola de m\u00fasica moderna, van decidir muntar un festival.<\/p>\n","protected":false},"excerpt":{"rendered":"<p>El dijous 7 de maig, a les 21:30 h, l\u2019Espai Eat Art de Banyoles acollir\u00e0 el concert del guitarrista\u00a0Juanma Trujillo &#8230;<\/p>\n","protected":false},"author":1,"featured_media":6903,"comment_status":"closed","ping_status":"open","sticky":false,"template":"","format":"standard","meta":{"footnotes":""},"categories":[14,15,10,262],"tags":[],"class_list":["post-9208","post","type-post","status-publish","format-standard","has-post-thumbnail","hentry","category-accions-culturals","category-accions-socials","category-activitats","category-noticies"],"_links":{"self":[{"href":"http:\/\/fundaciolluiscoromina.org\/index.php\/wp-json\/wp\/v2\/posts\/9208","targetHints":{"allow":["GET"]}}],"collection":[{"href":"http:\/\/fundaciolluiscoromina.org\/index.php\/wp-json\/wp\/v2\/posts"}],"about":[{"href":"http:\/\/fundaciolluiscoromina.org\/index.php\/wp-json\/wp\/v2\/types\/post"}],"author":[{"embeddable":true,"href":"http:\/\/fundaciolluiscoromina.org\/index.php\/wp-json\/wp\/v2\/users\/1"}],"replies":[{"embeddable":true,"href":"http:\/\/fundaciolluiscoromina.org\/index.php\/wp-json\/wp\/v2\/comments?post=9208"}],"version-history":[{"count":1,"href":"http:\/\/fundaciolluiscoromina.org\/index.php\/wp-json\/wp\/v2\/posts\/9208\/revisions"}],"predecessor-version":[{"id":9217,"href":"http:\/\/fundaciolluiscoromina.org\/index.php\/wp-json\/wp\/v2\/posts\/9208\/revisions\/9217"}],"wp:featuredmedia":[{"embeddable":true,"href":"http:\/\/fundaciolluiscoromina.org\/index.php\/wp-json\/wp\/v2\/media\/6903"}],"wp:attachment":[{"href":"http:\/\/fundaciolluiscoromina.org\/index.php\/wp-json\/wp\/v2\/media?parent=9208"}],"wp:term":[{"taxonomy":"category","embeddable":true,"href":"http:\/\/fundaciolluiscoromina.org\/index.php\/wp-json\/wp\/v2\/categories?post=9208"},{"taxonomy":"post_tag","embeddable":true,"href":"http:\/\/fundaciolluiscoromina.org\/index.php\/wp-json\/wp\/v2\/tags?post=9208"}],"curies":[{"name":"wp","href":"https:\/\/api.w.org\/{rel}","templated":true}]}}